{"id":118,"date":"2020-07-19T16:32:39","date_gmt":"2020-07-19T16:32:39","guid":{"rendered":"http:\/\/pomae.org\/?p=118"},"modified":"2021-10-24T20:58:22","modified_gmt":"2021-10-24T20:58:22","slug":"activites-culturelles-et-sociales","status":"publish","type":"post","link":"http:\/\/pomae.org\/fr\/2020\/07\/19\/activites-culturelles-et-sociales\/","title":{"rendered":"Activit\u00e9s Culturelles et Sociales"},"content":{"rendered":"<p>Voici une liste des \u00e9v\u00e9nements\u00a0socio-culturels que nous avons faits.<\/p>\n<p><strong><u>Activit\u00e9s Culturelles et Sociales<\/u><\/strong><\/p>\n<p>&nbsp;<\/p>\n<p>Depuis sa cr\u00e9ation en 2008, les membres de POMAE ont organis\u00e9:<\/p>\n<ul>\n<li>10 semaines culturelles \u00e0 Edmonton couronn\u00e9es par une soir\u00e9e de gala.<\/li>\n<li>4 tourn\u00e9es touristiques \u00e0 Peace River, Banff, Drumheller, Sylvan Lake, et la visite du Zoo d\u2019Edmonton.<img fetchpriority=\"high\" decoding=\"async\" class=\"size-medium wp-image-829 alignright\" src=\"http:\/\/pomae.org\/wp-content\/uploads\/2021\/10\/Capture-Carte-Menoua-300x178.jpg\" alt=\"\" width=\"300\" height=\"178\" srcset=\"http:\/\/pomae.org\/wp-content\/uploads\/2021\/10\/Capture-Carte-Menoua-300x178.jpg 300w, http:\/\/pomae.org\/wp-content\/uploads\/2021\/10\/Capture-Carte-Menoua-1024x608.jpg 1024w, http:\/\/pomae.org\/wp-content\/uploads\/2021\/10\/Capture-Carte-Menoua-768x456.jpg 768w, http:\/\/pomae.org\/wp-content\/uploads\/2021\/10\/Capture-Carte-Menoua-1080x641.jpg 1080w, http:\/\/pomae.org\/wp-content\/uploads\/2021\/10\/Capture-Carte-Menoua.jpg 1391w\" sizes=\"(max-width: 300px) 100vw, 300px\" \/><\/li>\n<li>3 \u00e9v\u00e8nements sportifs incluant la p\u00e9tanque (bowling), et le Curling.<\/li>\n<li>4 barbecues publiques et pique niques dans des parcs \u00e0 Edmonton et ses environs.<\/li>\n<li>Participation \u00e0 des \u00e9v\u00e8nements publics organis\u00e9s par d\u2019autres associations comme le festival de l\u2019h\u00e9ritage d\u2019Edmonton (heritage festival in Edmonton), le Mois de l\u2019histoire des Noirs (Black History Month).<\/li>\n<li>Une dizaine de \u201cvoir b\u00e9b\u00e9\u201d<\/li>\n<\/ul>\n<p>&nbsp;<\/p>\n<p>Avec l\u2019appui financier du programme Albertain des initiatives communautaires, POMAE a r\u00e9alis\u00e9 avec succ\u00e8s en 2014 un projet sur la formation en danses traditionnelles.<\/p>\n<p>&nbsp;<\/p>\n<p>Jean-Marie Sobze<\/p>","protected":false},"excerpt":{"rendered":"<p>Voici une liste des \u00e9v\u00e9nements\u00a0socio-culturels que nous avons faits. [&hellip;]<\/p>\n","protected":false},"author":1,"featured_media":0,"comment_status":"open","ping_status":"open","sticky":false,"template":"","format":"standard","meta":{"give_campaign_id":0,"footnotes":""},"categories":[20],"tags":[],"class_list":["post-118","post","type-post","status-publish","format-standard","hentry","category-activites"],"_links":{"self":[{"href":"http:\/\/pomae.org\/fr\/wp-json\/wp\/v2\/posts\/118","targetHints":{"allow":["GET"]}}],"collection":[{"href":"http:\/\/pomae.org\/fr\/wp-json\/wp\/v2\/posts"}],"about":[{"href":"http:\/\/pomae.org\/fr\/wp-json\/wp\/v2\/types\/post"}],"author":[{"embeddable":true,"href":"http:\/\/pomae.org\/fr\/wp-json\/wp\/v2\/users\/1"}],"replies":[{"embeddable":true,"href":"http:\/\/pomae.org\/fr\/wp-json\/wp\/v2\/comments?post=118"}],"version-history":[{"count":4,"href":"http:\/\/pomae.org\/fr\/wp-json\/wp\/v2\/posts\/118\/revisions"}],"predecessor-version":[{"id":837,"href":"http:\/\/pomae.org\/fr\/wp-json\/wp\/v2\/posts\/118\/revisions\/837"}],"wp:attachment":[{"href":"http:\/\/pomae.org\/fr\/wp-json\/wp\/v2\/media?parent=118"}],"wp:term":[{"taxonomy":"category","embeddable":true,"href":"http:\/\/pomae.org\/fr\/wp-json\/wp\/v2\/categories?post=118"},{"taxonomy":"post_tag","embeddable":true,"href":"http:\/\/pomae.org\/fr\/wp-json\/wp\/v2\/tags?post=118"}],"curies":[{"name":"wp","href":"https:\/\/api.w.org\/{rel}","templated":true}]}}