{"id":126,"date":"2020-06-19T19:20:45","date_gmt":"2020-06-19T19:20:45","guid":{"rendered":"http:\/\/pomae.org\/?p=126"},"modified":"2020-07-19T19:31:33","modified_gmt":"2020-07-19T19:31:33","slug":"quelle-ville-canadienne-est-dans-la-meilleure-position-pour-accueillir-la-lnh","status":"publish","type":"post","link":"http:\/\/pomae.org\/fr\/2020\/06\/19\/quelle-ville-canadienne-est-dans-la-meilleure-position-pour-accueillir-la-lnh\/","title":{"rendered":"Quelle ville canadienne est dans la meilleure position pour accueillir la LNH?"},"content":{"rendered":"<div class=\"signature-container-top\">\n<div class=\"sc-6lnht7-0 cMHQVO m-signature signature-newsstory signature-simplified\">\n<div class=\"sc-6lnht7-2 jyQVAk signature-container-text\">\n<div class=\"sc-6lnht7-6 kkkQJG signature-text-content\"><span class=\"sc-6lnht7-3 gozCqJ signature-avatar-first-name\"><span class=\"signature-name\">Olivier Paradis-Lemieux<\/span><\/span><\/p>\n<div class=\"sc-1c6bkwm-0 eXmSOU m-published-date-time\"><time datetime=\"Sat Jun 20 2020 19:50:18 GMT+0000 (Coordinated Universal Time)\" data-timeutc=\"Sat Jun 20 2020 19:50:18 GMT+0000 (Coordinated Universal Time)\" data-format=\"date\">20 juin 2020<\/time><\/div>\n<\/div>\n<\/div>\n<\/div>\n<\/div>\n<div class=\"lead-container\">\n<p class=\"e-p\">La d\u00e9cision du gouvernement f\u00e9d\u00e9ral <a class=\"e-internal-link\" href=\"https:\/\/ici.radio-canada.ca\/sports\/1713415\/hockey-gouvernement-federal-edmonton-toronto-vancouver-ville-canadienne-lnh\" target=\"_self\" rel=\"noopener noreferrer\">d\u2019exempter les \u00e9quipes de la Ligue nationale de hockey de la quarantaine individuelle de 14 jours obligatoire<\/a> pour tous ceux qui entrent au pays donne de nouvelles munitions \u00e0 Edmonton, Toronto et Vancouver, les trois villes canadiennes en lice pour \u00eatre l\u2019un des deux sites centralis\u00e9s pour la relance en juillet. Radio-Canada Sports a analys\u00e9 leur candidature.<\/p>\n<\/div>\n<section class=\"redactionals document-content-style\">\n<p class=\"e-p\">Sans l\u2019instauration par d\u00e9cret d\u2019une quarantaine de groupes pour les \u00e9quipes de la LNH, le trio canadien \u00e9tait en mauvaise posture face \u00e0 ses sept rivales am\u00e9ricaines.<\/p>\n<p class=\"e-p\">Le commissaire adjoint de la LNH, Bill Daly, avait d\u00e9clar\u00e9 il y a un mois que si <q lang=\"fr\" data-attributes=\"{&quot;lang&quot;:{&quot;value&quot;:&quot;fr&quot;,&quot;label&quot;:&quot;Fran\u00e7ais&quot;},&quot;value&quot;:{&quot;html&quot;:&quot;nous sommes incapables d\u2019obtenir une interpr\u00e9tation de la quarantaine qui va de concert avec la capacit\u00e9 des joueurs de se rendre \u00e0 destination sans avoir \u00e0 observer une quarantaine stricte dans leur chambre d\u2019h\u00f4tel, nous ne serons pas en position d\u2019utiliser l\u2019une des villes canadiennes en tant que site de relance&quot;,&quot;text&quot;:&quot;nous sommes incapables d\u2019obtenir une interpr\u00e9tation de la quarantaine qui va de concert avec la capacit\u00e9 des joueurs de se rendre \u00e0 destination sans avoir \u00e0 observer une quarantaine stricte dans leur chambre d\u2019h\u00f4tel, nous ne serons pas en position d\u2019utiliser l\u2019une des villes canadiennes en tant que site de relance&quot;}}\"><span lang=\"fr\" title=\"Fran\u00e7ais\">nous sommes incapables d\u2019obtenir une interpr\u00e9tation de la quarantaine qui va de concert avec la capacit\u00e9 des joueurs de se rendre \u00e0 destination sans avoir \u00e0 observer une quarantaine stricte dans leur chambre d\u2019h\u00f4tel, nous ne serons pas en position d\u2019utiliser l\u2019une des villes canadiennes en tant que site de relance<\/span><\/q>.<\/p>\n<p class=\"e-p\">Maintenant qu\u2019il a \u00e9t\u00e9 approuv\u00e9 par Ottawa, le plan de quarantaine de groupes pour les \u00e9quipes de la LNH permet \u00e0 Edmonton, Toronto et Vancouver de faire pour l\u2019essentiel jeu \u00e9gal avec les sept villes am\u00e9ricaines\u00a0: Chicago, Columbus, Dallas, Las Vegas, Los Angeles, Pittsburgh, et Saint-Paul\/Minneapolis.<\/p>\n<p class=\"e-p\">Deux facteurs pourraient aider les candidatures canadiennes face \u00e0 leurs rivales am\u00e9ricaines :<\/p>\n<ul>\n<li>Dans les derni\u00e8res semaines, de nombreuses villes am\u00e9ricaines, dont Columbus, Dallas, Las Vegas et Los Angeles, ont vu une hausse de leur nombre de cas quotidien de COVID-19, alors que les mesures de d\u00e9confinement aux \u00c9tats-Unis font craindre une deuxi\u00e8me vague de la pand\u00e9mie dans certains \u00c9tats. Les trois villes canadiennes voient plut\u00f4t leur nombre de cas quotidien baisser r\u00e9guli\u00e8rement.<\/li>\n<li>Plusieurs des villes am\u00e9ricaines retenues par la LNH ont \u00e9t\u00e9 le th\u00e9\u00e2tre de manifestations et de r\u00e9voltes apr\u00e8s la mort de George Floyd aux mains d\u2019un policier, justement, de Minneapolis.<\/li>\n<\/ul>\n<p class=\"e-p\">La LNH <a class=\"e-internal-link\" href=\"https:\/\/ici.radio-canada.ca\/sports\/1711115\/hockey-lnh-reprise-saison-ouverture-camps-10-juillet\" target=\"_self\" rel=\"noopener noreferrer\">pr\u00e9voit amorcer ses camps pour les 24 \u00e9quipes restantes, 12 par association et par site, le 10 juillet<\/a>. Les 10 villes choisies par la LNH poss\u00e8dent toutes les installations sportives et h\u00f4teli\u00e8res n\u00e9cessaires \u00e0 l\u2019accueil de 12 \u00e9quipes.<\/p>\n<p class=\"e-p\">M\u00eame si les trois villes canadiennes souhaitent toutes publiquement \u00eatre l\u2019un des sites et se d\u00e9confinent progressivement, elles n\u2019en sont pas au m\u00eame point.<\/p>\n<p class=\"e-p\">Pour \u00e9tablir notre palmar\u00e8s, nous avons compar\u00e9 leur candidature selon quatre crit\u00e8res :<\/p>\n<div class=\"framed\">\n<h2 class=\"sc-1vaxh1e-1 dqWFVQ redactional\">Crit\u00e8res de comparaison<\/h2>\n<ol>\n<li>Nombre de cas actuels de COVID-19<\/li>\n<li>Restrictions de la sant\u00e9 publique<\/li>\n<li>Ce que les politiciens locaux disent de la pr\u00e9sence de la LNH dans leur ville<\/li>\n<li>Disponibilit\u00e9 des tests de d\u00e9pistage publics<\/li>\n<\/ol>\n<p class=\"e-p\"><em>Les donn\u00e9es utilis\u00e9es \u00e9taient les plus r\u00e9centes rendues disponibles par les directions provinciales de la sant\u00e9 publique le 19 juin.<\/em><\/p>\n<article class=\"col-xs-4 col-sm-8 col-md-8 col-lg-11 col-xl-14 document-simple-container\" data-chrome-extension-type=\"Nouvelles | &lt;strong&gt;Sports&lt;\/strong&gt; | Sports | Hockey, Coronavirus | Alberta\" data-chrome-extension-exception=\"chromeExtensionDocumentSimpleContent\">\n<div class=\"row full-width-sm full-width-md no-gutters\"><main class=\"col-xs-4 col-sm-6 col-md-10 col-lg-12 col-xl-12 offset-sm-1 offset-md-1 document-simple-redactional-container\"><\/p>\n<section class=\"redactionals document-content-style\">\n<h2 class=\"sc-1vaxh1e-1 dqWFVQ redactional\">EDMONTON<\/h2>\n<div class=\"picture-attachment-container center\"><picture class=\"kb3umx-0 kWhaiA e-picture is-ratio\"><source srcset=\"https:\/\/images.radio-canada.ca\/q_auto,w_960\/v1\/ici-info\/16x9\/rogers-place-edmonton-jack-white-concert.jpg\" media=\"(min-width: 0px) and (max-width: 480px)\" \/><source srcset=\"https:\/\/images.radio-canada.ca\/q_auto,w_960\/v1\/ici-info\/16x9\/rogers-place-edmonton-jack-white-concert.jpg\" media=\"(min-width: 481px) and (max-width: 99999px)\" \/><img decoding=\"async\" src=\"https:\/\/images.radio-canada.ca\/q_auto,w_960\/v1\/ici-info\/16x9\/rogers-place-edmonton-jack-white-concert.jpg\" alt=\"La Place Rogers vue d'une intersection du centre-ville d'Edmonton. \" \/><\/picture>\n<div class=\"sc-1bqcvgr-2 gCUuFz\">\n<p class=\"sc-1bqcvgr-0 ihkxUF\">La Place Rogers, d&#8217;Edmonton, domicile des Oilers<\/p>\n<p class=\"sc-1bqcvgr-3 gRXcTa\">Photo\u00a0:\u00a0La Presse canadienne \/ Jason Franson<\/p>\n<\/div>\n<\/div>\n<p class=\"e-p\"><strong>Nombre de cas : l<\/strong>\u2019Alberta est la troisi\u00e8me province pour le nombre de cas de COVID-19 apr\u00e8s le Qu\u00e9bec et l\u2019Ontario avec 7579, et 152 morts, mais ne compte plus que 489 cas actifs et 34 hospitalisations. La ville d\u2019Edmonton compte un peu moins de la moiti\u00e9 des cas actifs, avec 200.<\/p>\n<p class=\"e-p\"><strong>Restrictions de la sant\u00e9 publique : l<\/strong>\u2019Alberta est entr\u00e9e depuis le 12 juin dans la phase 2 de son plan de d\u00e9confinement. Les centres d\u2019entra\u00eenement int\u00e9rieurs, gymnases, ar\u00e9nas et piscines peuvent \u00eatre rouverts au public dans la province, mais la ville d\u2019Edmonton n\u2019a pas embo\u00eet\u00e9 imm\u00e9diatement le pas et viserait le d\u00e9but du mois de juillet. Les rassemblements de 50 personnes ou moins sont permis \u00e0 l\u2019int\u00e9rieur, mais ce maximum passe \u00e0 100 personnes pour un \u00e9v\u00e9nement si le public a des places assign\u00e9es.<\/p>\n<p class=\"e-p\"><strong>Positions politiques : l<\/strong>e premier ministre albertain Jason Kenney d\u00e9fend avec \u00e9nergie la candidature d\u2019Edmonton. Il s\u2019est entretenu avec le commissaire de la LNH Gary Bettman et a \u00e9crit une lettre au premier ministre canadien pour que les r\u00e8gles de quarantaine soient assouplies pour les \u00e9quipes du circuit. La directrice de la sant\u00e9 publique albertaine, la Dre Deena Hinshaw, avait propos\u00e9 l\u2019id\u00e9e retenue par le gouvernement f\u00e9d\u00e9ral d\u2019une quarantaine de groupes qui permettrait aux \u00e9quipes de s\u2019entra\u00eener une fois arriv\u00e9es au pays sans avoir \u00e0 s\u2019isoler individuellement, mais en demeurant s\u00e9par\u00e9es du public.<\/p>\n<p class=\"e-p\"><q lang=\"fr\" data-attributes=\"{&quot;lang&quot;:{&quot;value&quot;:&quot;fr&quot;,&quot;label&quot;:&quot;Fran\u00e7ais&quot;},&quot;value&quot;:{&quot;html&quot;:&quot;Le gouvernement albertain pense que ce sont des strat\u00e9gies efficaces afin de r\u00e9duire le risque pour notre province si une telle exception \u00e9tait permise&quot;,&quot;text&quot;:&quot;Le gouvernement albertain pense que ce sont des strat\u00e9gies efficaces afin de r\u00e9duire le risque pour notre province si une telle exception \u00e9tait permise&quot;}}\"><span lang=\"fr\" title=\"Fran\u00e7ais\">Le gouvernement albertain pense que ce sont des strat\u00e9gies efficaces afin de r\u00e9duire le risque pour notre province si une telle exception \u00e9tait permise<\/span><\/q>, avait \u00e9crit Jason Kenney dans sa lettre \u00e0 Justin Trudeau, \u00e0 la fin du mois de mai.<\/p>\n<p class=\"e-p\">Le maire d\u2019Edmonton, Don Iveson, pense quant \u00e0 lui que sa ville <q lang=\"fr\" data-attributes=\"{&quot;lang&quot;:{&quot;value&quot;:&quot;fr&quot;,&quot;label&quot;:&quot;Fran\u00e7ais&quot;},&quot;value&quot;:{&quot;html&quot;:&quot;est l\u2019endroit id\u00e9al pour tenir le reste de la saison 2019-2020 de la LNH. Dans le contexte nord-am\u00e9ricain, Edmonton et sa r\u00e9gion ont un nombre de cas faible de COVID-19 et nous proc\u00e9dons avec pr\u00e9caution \u00e0 sa r\u00e9ouverture&quot;,&quot;text&quot;:&quot;est l\u2019endroit id\u00e9al pour tenir le reste de la saison 2019-2020 de la LNH. Dans le contexte nord-am\u00e9ricain, Edmonton et sa r\u00e9gion ont un nombre de cas faible de COVID-19 et nous proc\u00e9dons avec pr\u00e9caution \u00e0 sa r\u00e9ouverture&quot;}}\"><span lang=\"fr\" title=\"Fran\u00e7ais\">est l\u2019endroit id\u00e9al pour tenir le reste de la saison 2019-2020 de la LNH. Dans le contexte nord-am\u00e9ricain, Edmonton et sa r\u00e9gion ont un nombre de cas faible de COVID-19 et nous proc\u00e9dons avec pr\u00e9caution \u00e0 sa r\u00e9ouverture<\/span><\/q>.<\/p>\n<p class=\"e-p\"><strong>Disponibilit\u00e9 des tests : l<\/strong>e gouvernement albertain travaille avec des laboratoires priv\u00e9s afin de permettre un d\u00e9pistage qui va au-del\u00e0 des recommandations de la province, a d\u00e9clar\u00e9 la Dre Hinshaw.<\/p>\n<hr \/>\n<h2 class=\"sc-1vaxh1e-1 dqWFVQ redactional\">TORONTO<\/h2>\n<div class=\"picture-attachment-container center\"><picture class=\"kb3umx-0 kWhaiA e-picture is-ratio\"><source srcset=\"https:\/\/images.radio-canada.ca\/q_auto,w_960\/v1\/ici-info\/16x9\/arena-scotiabank-air-canada-centre.jpg\" media=\"(min-width: 0px) and (max-width: 480px)\" \/><source srcset=\"https:\/\/images.radio-canada.ca\/q_auto,w_960\/v1\/ici-info\/16x9\/arena-scotiabank-air-canada-centre.jpg\" media=\"(min-width: 481px) and (max-width: 99999px)\" \/><img decoding=\"async\" src=\"https:\/\/images.radio-canada.ca\/q_auto,w_960\/v1\/ici-info\/16x9\/arena-scotiabank-air-canada-centre.jpg\" alt=\"Des pi\u00e9tons passent devant l'entr\u00e9e de l'ar\u00e9na \" \/><\/picture>\n<div class=\"sc-1bqcvgr-2 gCUuFz\">\n<p class=\"sc-1bqcvgr-0 ihkxUF\">L&#8217;ar\u00e9na Banque Scotia, anciennement le Centre Air Canada de Toronto, domicile des Maple Leafs.<\/p>\n<p class=\"sc-1bqcvgr-3 gRXcTa\">Photo\u00a0:\u00a0La Presse canadienne \/ Darren Calabrese<\/p>\n<\/div>\n<\/div>\n<p class=\"e-p\"><strong>Nombre de cas :<\/strong> la ville de Toronto a \u00e9t\u00e9 l\u2019une des plus touch\u00e9es au Canada avec 13 715 cas de COVID-19 et 1009 morts. Toutefois, le nombre de cas actifs n\u2019est plus que de 1158, alors que le nombre de cas rapport\u00e9s quotidiennement chute de jour en jour avec seulement 54 cas lors du dernier rapport.<\/p>\n<p class=\"e-p\"><strong>Restrictions de la sant\u00e9 publique :<\/strong> comme les r\u00e9gions de Peel et de Windsor-Essex, Toronto est encore dans la phase 1 du plan de d\u00e9confinement ontarien. \u00c0 Toronto, les restaurants et les bars demeurent ferm\u00e9s, alors que le sport organis\u00e9 est toujours prohib\u00e9, m\u00eame \u00e0 l\u2019ext\u00e9rieur, bien que les terrains dans les parcs sont ouverts. Les installations sportives des \u00e9quipes professionnelles sont toutefois rouvertes depuis le d\u00e9but du mois de mai. Les rassemblements sont limit\u00e9s \u00e0 10 personnes dans la province, que la juridiction soit dans la phase 1 ou 2.<\/p>\n<p class=\"e-p\"><strong>Positions politiques :<\/strong> le maire de Toronto John Tory a d\u00e9clar\u00e9 qu\u2019il ne pouvait parler pour la province, <q lang=\"fr\" data-attributes=\"{&quot;lang&quot;:{&quot;value&quot;:&quot;fr&quot;,&quot;label&quot;:&quot;Fran\u00e7ais&quot;},&quot;value&quot;:{&quot;html&quot;:&quot;mais je donnerais \u00e0 la LNH le feu vert parce que je serais fier [de l\u2019accueillir]. Je pense que ce serait appropri\u00e9 et que les Maple Leafs respecteraient la sant\u00e9 publique d\u2019abord et avant tout, et seraient en mesure d\u2019offrir un spectacle que les amateurs appr\u00e9cieraient.&quot;,&quot;text&quot;:&quot;mais je donnerais \u00e0 la LNH le feu vert parce que je serais fier [de l\u2019accueillir]. Je pense que ce serait appropri\u00e9 et que les Maple Leafs respecteraient la sant\u00e9 publique d\u2019abord et avant tout, et seraient en mesure d\u2019offrir un spectacle que les amateurs appr\u00e9cieraient.&quot;}}\"><span lang=\"fr\" title=\"Fran\u00e7ais\">mais je donnerais \u00e0 la LNH le feu vert parce que je serais fier [de l\u2019accueillir]. Je pense que ce serait appropri\u00e9 et que les Maple Leafs respecteraient la sant\u00e9 publique d\u2019abord et avant tout, et seraient en mesure d\u2019offrir un spectacle que les amateurs appr\u00e9cieraient.<\/span><\/q><\/p>\n<p class=\"e-p\">Le premier ministre ontarien Doug Ford a quant \u00e0 lui indiqu\u00e9 que <q lang=\"fr\" data-attributes=\"{&quot;lang&quot;:{&quot;value&quot;:&quot;fr&quot;,&quot;label&quot;:&quot;Fran\u00e7ais&quot;},&quot;value&quot;:{&quot;html&quot;:&quot;nous avons eu des conversations avec la LNH, et tout est conditionnel au suivi des directives du directeur de la sant\u00e9 publique. [...] Tout le monde veut revoir un peu de sport. Mais ce doit \u00eatre fait avec responsabilit\u00e9. J\u2019adore regarder n\u2019importe quel sport que ce soit la LNH, les Raptors ou les Blue Jays, mais les r\u00e8gles s\u2019appliquent \u00e0 toutes les \u00e9quipes. Il n\u2019y aura pas d\u2019exception.&quot;,&quot;text&quot;:&quot;nous avons eu des conversations avec la LNH, et tout est conditionnel au suivi des directives du directeur de la sant\u00e9 publique. [...] Tout le monde veut revoir un peu de sport. Mais ce doit \u00eatre fait avec responsabilit\u00e9. J\u2019adore regarder n\u2019importe quel sport que ce soit la LNH, les Raptors ou les Blue Jays, mais les r\u00e8gles s\u2019appliquent \u00e0 toutes les \u00e9quipes. Il n\u2019y aura pas d\u2019exception.&quot;}}\"><span lang=\"fr\" title=\"Fran\u00e7ais\">nous avons eu des conversations avec la LNH, et tout est conditionnel au suivi des directives du directeur de la sant\u00e9 publique [&#8230;] Tout le monde veut revoir un peu de sport. Mais ce doit \u00eatre fait avec responsabilit\u00e9. J\u2019adore regarder n\u2019importe quel sport que ce soit la LNH, les Raptors ou les Blue Jays, mais les r\u00e8gles s\u2019appliquent \u00e0 toutes les \u00e9quipes. Il n\u2019y aura pas d\u2019exception.<\/span><\/q><\/p>\n<p class=\"e-p\"><strong>Disponibilit\u00e9 des tests :<\/strong> le premier ministre ontarien a d\u00e9clar\u00e9 au d\u00e9but du mois de juin que les tests des joueurs de la LNH devraient \u00eatre administr\u00e9s par des laboratoires priv\u00e9s.<\/p>\n<hr \/>\n<h2 class=\"sc-1vaxh1e-1 dqWFVQ redactional\">VANCOUVER<\/h2>\n<div class=\"picture-attachment-container center\"><picture class=\"kb3umx-0 kWhaiA e-picture is-ratio\"><source srcset=\"https:\/\/images.radio-canada.ca\/q_auto,w_960\/v1\/ici-info\/16x9\/rogers-arena.jpg\" media=\"(min-width: 0px) and (max-width: 480px)\" \/><source srcset=\"https:\/\/images.radio-canada.ca\/q_auto,w_960\/v1\/ici-info\/16x9\/rogers-arena.jpg\" media=\"(min-width: 481px) and (max-width: 99999px)\" \/><img decoding=\"async\" src=\"https:\/\/images.radio-canada.ca\/q_auto,w_960\/v1\/ici-info\/16x9\/rogers-arena.jpg\" alt=\"Le Rogers Arena\" \/><\/picture>\n<div class=\"sc-1bqcvgr-2 gCUuFz\">\n<p class=\"sc-1bqcvgr-0 ihkxUF\">Le Rogers Arena de Vancouver, domicile des Canucks<\/p>\n<p class=\"sc-1bqcvgr-3 gRXcTa\">Photo\u00a0:\u00a0Associated Press \/ Darryl Dyck<\/p>\n<\/div>\n<\/div>\n<p class=\"e-p\"><strong>Nombre de cas :<\/strong> la Colombie-Britannique est la juridiction de plus de 5 millions de personnes la moins touch\u00e9e par la COVID-19 en Am\u00e9rique du Nord. La province ne compte que 190 cas actifs et 10 personnes sont hospitalis\u00e9es. Une seule personne est morte de la maladie dans la province dans les deux derni\u00e8res semaines.<\/p>\n<p class=\"e-p\"><strong>Restrictions de la sant\u00e9 publique : <\/strong>la province limite \u00e0 50 personnes les rassemblements et ne pr\u00e9voit pas augmenter ce quota avant d\u2019entrer dans la phase 4 de son plan de d\u00e9confinement. Toutefois, la Colombie-Britannique pourrait lancer la phase 3 de son plan la semaine prochaine, qui inclut la r\u00e9ouverture des h\u00f4tels et des parcs, en juin, puis des salles de cin\u00e9ma en juillet, sans permettre les grands rassemblements.<\/p>\n<p class=\"e-p\"><strong>Positions politiques : <\/strong>le premier ministre britanno-colombien John Horgan milite depuis plus d\u2019un mois aupr\u00e8s de la LNH pour que Vancouver soit l\u2019une des villes retenues. Il y a deux semaines, il avait sign\u00e9 un d\u00e9cret amendant les r\u00e8gles de quarantaine de la province qui consid\u00e9reraient chaque \u00e9quipe de la LNH comme une <q lang=\"fr\" data-attributes=\"{&quot;lang&quot;:{&quot;value&quot;:&quot;fr&quot;,&quot;label&quot;:&quot;Fran\u00e7ais&quot;},&quot;value&quot;:{&quot;html&quot;:&quot;famille&quot;,&quot;text&quot;:&quot;famille&quot;}}\"><span lang=\"fr\" title=\"Fran\u00e7ais\">famille<\/span><\/q> ou <q lang=\"fr\" data-attributes=\"{&quot;lang&quot;:{&quot;value&quot;:&quot;fr&quot;,&quot;label&quot;:&quot;Fran\u00e7ais&quot;},&quot;value&quot;:{&quot;html&quot;:&quot;une bulle&quot;,&quot;text&quot;:&quot;une bulle&quot;}}\"><span lang=\"fr\" title=\"Fran\u00e7ais\">une bulle<\/span><\/q>.<\/p>\n<p class=\"e-p\"><q lang=\"fr\" data-attributes=\"{&quot;lang&quot;:{&quot;value&quot;:&quot;fr&quot;,&quot;label&quot;:&quot;Fran\u00e7ais&quot;},&quot;value&quot;:{&quot;html&quot;:&quot;Si vous amenez votre famille avec vous o\u00f9 que ce soit en Am\u00e9rique du Nord pendant l\u2019\u00e9t\u00e9 pendant que vous jouez au hockey, je ne peux songer \u00e0 un meilleur endroit que la Colombie-Britannique&quot;,&quot;text&quot;:&quot;Si vous amenez votre famille avec vous o\u00f9 que ce soit en Am\u00e9rique du Nord pendant l\u2019\u00e9t\u00e9 pendant que vous jouez au hockey, je ne peux songer \u00e0 un meilleur endroit que la Colombie-Britannique&quot;}}\"><span lang=\"fr\" title=\"Fran\u00e7ais\">Si vous amenez votre famille avec vous o\u00f9 que ce soit en Am\u00e9rique du Nord pendant l\u2019\u00e9t\u00e9 pendant que vous jouez au hockey, je ne peux songer \u00e0 un meilleur endroit que la Colombie-Britannique.<\/span><\/q><\/p>\n<p class=\"e-p\"><strong>Disponibilit\u00e9 des tests :<\/strong> bien que les tests sont disponibles \u00e0 tous, selon la sant\u00e9 publique provinciale, les \u00e9quipes de la LNH seraient responsables de faire leurs propres tests de d\u00e9pistages.<\/p>\n<hr \/>\n<h2 class=\"sc-1vaxh1e-1 dqWFVQ redactional\">Notre verdict :<\/h2>\n<p class=\"e-p\"><strong>Apr\u00e8s analyse, Vancouver appara\u00eet comme la ville canadienne la plus apte \u00e0 accueillir la LNH, suivi en deuxi\u00e8me position par Edmonton et enfin Toronto.<\/strong><\/p>\n<p class=\"e-p\"><em>Avec les informations de CBC<\/em><\/p>\n<\/section>\n<div class=\"signature-container-footer\">\n<div class=\"sc-6lnht7-0 jJzzhC m-signature signature-newsstory\">\n<div class=\"sc-6lnht7-1 hmCkJF signature-container\">\n<div class=\"sc-6lnht7-2 jyQVAk signature-container-text\">\n<div class=\"sc-6lnht7-6 kkkQJG signature-text-content\"><span class=\"sc-6lnht7-3 gozCqJ signature-avatar-first-name\"><span class=\"signature-name\">Olivier Paradis-Lemieux<\/span><\/span><\/div>\n<\/div>\n<ul class=\"m-social-media-link is-rounded\">\n<li>\n<div class=\"button-content\"><span class=\"hidden-tag\">Twitter<\/span><\/div>\n<\/li>\n<li>\n<div class=\"button-content\"><span class=\"hidden-tag\">Courriel<\/span><\/div>\n<\/li>\n<\/ul>\n<\/div>\n<\/div>\n<\/div>\n<p><\/main><\/div>\n<\/article>\n<div class=\"bpb06x-0 fmLXcU fixed-ie main-aside col-xs-4 col-sm-8 col-md-4 col-lg-5 col-xl-6 no-gutter\">\n<div><\/div>\n<aside>\n<div class=\"row newsstory-autopromo-ads-container full-width-sm full-width-md full-width-lg full-width-xl full-padding\">\n<div class=\"col-xs-4 col-sm-4 col-md-12 col-lg-16 col-xl-20 newsstory-continuous-feed-wrapper\">\n<div class=\"qq2hbx-0 fyhNLG m-continuous-feed\">\n<div class=\"feed-header-container\">\n<h2 class=\"feed-header-title\">Sports en continu<\/h2>\n<\/div>\n<div class=\"feed-list-container\">\n<ul>\n<li class=\"feed-list-date-container\"><time class=\"feed-list-date-time\" data-timeutc=\"Sun Jul 19 2020 19:16:11 GMT+0000 (Coordinated Universal Time)\" data-format=\"full-date\">dimanche 19 juillet<\/time>\n<ul class=\"feed-list-item-container\">\n<li class=\"feed-list-item feed-list-item\"><span class=\"feed-list-date\" aria-hidden=\"true\"><time data-timeutc=\"Sun Jul 19 2020 19:16:11 GMT+0000 (Coordinated Universal Time)\" data-format=\"simple-hour\">15\u00a0h\u00a016<\/time><\/span><a class=\"feed-list-link\" href=\"https:\/\/ici.radio-canada.ca\/sports\/1720817\/covid19-coronavirus-nfl-wewanttoplay\" aria-label=\"19\u00a0h\u00a016 Les joueurs de la NFL font part de leurs inqui\u00e9tudes sur l'ouverture des camps\"><span class=\"feed-list-title\">Les joueurs de la NFL font part de leurs inqui\u00e9tudes sur l&#8217;ouverture des camps<\/span><\/a><\/li>\n<li class=\"feed-list-item feed-list-item\"><span class=\"feed-list-date\" aria-hidden=\"true\"><time data-timeutc=\"Sun Jul 19 2020 16:32:21 GMT+0000 (Coordinated Universal Time)\" data-format=\"simple-hour\">12\u00a0h\u00a032<\/time><\/span><a class=\"feed-list-link\" href=\"https:\/\/ici.radio-canada.ca\/sports\/1720521\/sports-port-masque-obligatoire-quebec-covid-coronavirus-gym\" aria-label=\"16\u00a0h\u00a032 Sport et masque : un duo improbable?\"><span class=\"feed-list-title\">Sport et masque : un duo improbable?<\/span><\/a><\/li>\n<li class=\"feed-list-item feed-list-item\"><span class=\"feed-list-date\" aria-hidden=\"true\"><time data-timeutc=\"Sun Jul 19 2020 14:56:24 GMT+0000 (Coordinated Universal Time)\" data-format=\"simple-hour\">10\u00a0h\u00a056<\/time><\/span><a class=\"feed-list-link\" href=\"https:\/\/ici.radio-canada.ca\/sports\/1720775\/course-automobile-f1-grand-prix-hongrie-lance-stroll-racing-point-lewis-hamilton-mercedes\" aria-label=\"14\u00a0h\u00a056 Lance Stroll au pied du podium en Hongrie, Lewis Hamilton l'emporte\"><span class=\"feed-list-title\">Lance Stroll au pied du podium en Hongrie, Lewis Hamilton l&#8217;emporte<\/span><\/a><\/li>\n<li class=\"feed-list-item feed-list-item\"><span class=\"feed-list-date\" aria-hidden=\"true\"><time data-timeutc=\"Sun Jul 19 2020 12:58:35 GMT+0000 (Coordinated Universal Time)\" data-format=\"simple-hour\">8\u00a0h\u00a058<\/time><\/span><a class=\"feed-list-link\" href=\"https:\/\/ici.radio-canada.ca\/sports\/1720510\/entrainement-medecine-sportive-articulations-jerome-ouellet\" aria-label=\"12\u00a0h\u00a058 Vos articulations craquent, est-ce dangereux?\"><span class=\"feed-list-title\">Vos articulations craquent, est-ce dangereux?<\/span><\/a><\/li>\n<\/ul>\n<\/li>\n<li class=\"feed-list-date-container\"><time class=\"feed-list-date-time\" data-timeutc=\"Sat Jul 18 2020 22:59:04 GMT+0000 (Coordinated Universal Time)\" data-format=\"full-date\">samedi 18 juillet<\/time>\n<ul class=\"feed-list-item-container\">\n<li class=\"feed-list-item feed-list-item\"><span class=\"feed-list-date\" aria-hidden=\"true\"><time data-timeutc=\"Sat Jul 18 2020 22:59:04 GMT+0000 (Coordinated Universal Time)\" data-format=\"simple-hour\">18\u00a0h\u00a059<\/time><\/span><a class=\"feed-list-link\" href=\"https:\/\/ici.radio-canada.ca\/nouvelle\/1720692\/jays-covid-canada-frontiere\" aria-label=\"22\u00a0h\u00a059 Leur plan rejet\u00e9 par Ottawa, les Blue Jays devront jouer aux \u00c9tats-Unis\"><span class=\"feed-list-title\">Leur plan rejet\u00e9 par Ottawa, les Blue Jays devront jouer aux \u00c9tats-Unis<\/span><\/a><\/li>\n<li class=\"feed-list-item feed-list-item\"><span class=\"feed-list-date\" aria-hidden=\"true\"><time data-timeutc=\"Sat Jul 18 2020 19:06:43 GMT+0000 (Coordinated Universal Time)\" data-format=\"simple-hour\">15\u00a0h\u00a006<\/time><\/span><a class=\"feed-list-link\" href=\"https:\/\/ici.radio-canada.ca\/sports\/1720682\/byron-suzuki-petry-canadien-montreal-claude-julien\" aria-label=\"19\u00a0h\u00a006 Nick Suzuki se sent d\u2019attaque pour les Penguins\"><span class=\"feed-list-title\">Nick Suzuki se sent d\u2019attaque pour les Penguins<\/span><\/a><\/li>\n<li class=\"feed-list-item feed-list-item\"><span class=\"feed-list-date\" aria-hidden=\"true\"><time data-timeutc=\"Sat Jul 18 2020 17:45:32 GMT+0000 (Coordinated Universal Time)\" data-format=\"simple-hour\">13\u00a0h\u00a045<\/time><\/span><a class=\"feed-list-link\" href=\"https:\/\/ici.radio-canada.ca\/sports\/1720697\/michael-woods-epreuve-reine-tour-de-france-virtuel\" aria-label=\"17\u00a0h\u00a045 Michael Woods remporte l'\u00e9preuve reine du Tour de France virtuel\"><span class=\"feed-list-title\">Michael Woods remporte l&#8217;\u00e9preuve reine du Tour de France virtuel<\/span><\/a><\/li>\n<li class=\"feed-list-item feed-list-item\"><span class=\"feed-list-date\" aria-hidden=\"true\"><time data-timeutc=\"Sat Jul 18 2020 16:45:20 GMT+0000 (Coordinated Universal Time)\" data-format=\"simple-hour\">12\u00a0h\u00a045<\/time><\/span><a class=\"feed-list-link\" href=\"https:\/\/ici.radio-canada.ca\/sports\/1720657\/dek-hockey-balle-tournoi-mirabel-sante-publique-laurentides-cas-positifs-covid-19-hockeyqc\" aria-label=\"16\u00a0h\u00a045 Une \u00e9closion de COVID-19 caus\u00e9e par un tournoi de hockey-balle \u00e0 Mirabel\"><span class=\"feed-list-title\">Une \u00e9closion de COVID-19 caus\u00e9e par un tournoi de hockey-balle \u00e0 Mirabel<\/span><\/a><\/li>\n<li class=\"feed-list-item feed-list-item\"><span class=\"feed-list-date\" aria-hidden=\"true\"><time data-timeutc=\"Sat Jul 18 2020 14:43:24 GMT+0000 (Coordinated Universal Time)\" data-format=\"simple-hour\">10\u00a0h\u00a043<\/time><\/span><a class=\"feed-list-link\" href=\"https:\/\/ici.radio-canada.ca\/sports\/1720659\/f1-charles-leclerc-ferrari-lance-stroll-essais-libres-hongrie\" aria-label=\"14\u00a0h\u00a043 Lance Stroll 3e en qualification en Hongrie, Lewis Hamilton en pole\"><span class=\"feed-list-title\">Lance Stroll 3e en qualification en Hongrie, Lewis Hamilton en pole<\/span><\/a><\/li>\n<li class=\"feed-list-item feed-list-item\"><span class=\"feed-list-date\" aria-hidden=\"true\"><time data-timeutc=\"Sat Jul 18 2020 13:43:44 GMT+0000 (Coordinated Universal Time)\" data-format=\"simple-hour\">9\u00a0h\u00a043<\/time><\/span><a class=\"feed-list-link\" href=\"https:\/\/ici.radio-canada.ca\/sports\/1720027\/souvenirs-olympiques-epreuves-sylvie-frechette-jeux-barcelone-1992\" aria-label=\"13\u00a0h\u00a043 Souvenirs olympiques\u00a0: la r\u00e9silience de Sylvie Fr\u00e9chette\"><span class=\"feed-list-title\">Souvenirs olympiques\u00a0: la r\u00e9silience de Sylvie Fr\u00e9chette<\/span><\/a><\/li>\n<li class=\"feed-list-item feed-list-item\"><span class=\"feed-list-date\" aria-hidden=\"true\"><time data-timeutc=\"Sat Jul 18 2020 10:46:24 GMT+0000 (Coordinated Universal Time)\" data-format=\"simple-hour\">6\u00a0h\u00a046<\/time><\/span><a class=\"feed-list-link\" href=\"https:\/\/ici.radio-canada.ca\/nouvelle\/1720596\/maple-leafs-toronto-lnh-protocole-covid-19\" aria-label=\"10\u00a0h\u00a046 La couverture journalistique des Maple Leafs au temps de la COVID-19\"><span class=\"feed-list-title\">La couverture journalistique des Maple Leafs au temps de la COVID-19<\/span><\/a><\/li>\n<\/ul>\n<\/li>\n<li class=\"feed-list-date-container\"><time class=\"feed-list-date-time\" data-timeutc=\"Fri Jul 17 2020 22:04:08 GMT+0000 (Coordinated Universal Time)\" data-format=\"full-date\">vendredi 17 juillet<\/time>\n<ul class=\"feed-list-item-container\">\n<li class=\"feed-list-item feed-list-item\"><span class=\"feed-list-date\" aria-hidden=\"true\"><time data-timeutc=\"Fri Jul 17 2020 22:04:08 GMT+0000 (Coordinated Universal Time)\" data-format=\"simple-hour\">18\u00a0h\u00a004<\/time><\/span><a class=\"feed-list-link\" href=\"https:\/\/ici.radio-canada.ca\/nouvelle\/1720611\/caleb-jones-edmonton-covid-19-lnh\" aria-label=\"22\u00a0h\u00a004 Caleb Jones des Oilers, gu\u00e9ri de la COVID-19\"><span class=\"feed-list-title\">Caleb Jones des Oilers, gu\u00e9ri de la COVID-19<\/span><\/a><\/li>\n<li class=\"feed-list-item feed-list-item\"><span class=\"feed-list-date\" aria-hidden=\"true\"><time data-timeutc=\"Fri Jul 17 2020 20:45:42 GMT+0000 (Coordinated Universal Time)\" data-format=\"simple-hour\">16\u00a0h\u00a045<\/time><\/span><a class=\"feed-list-link\" href=\"https:\/\/ici.radio-canada.ca\/sports\/1720591\/mls-soccer-expansion-charlotte-austin-sacramento-saint-louis-retards\" aria-label=\"20\u00a0h\u00a045 La MLS retarde son expansion en raison de la pand\u00e9mie\"><span class=\"feed-list-title\">La MLS retarde son expansion en raison de la pand\u00e9mie<\/span><\/a><\/li>\n<li class=\"feed-list-item feed-list-item\"><span class=\"feed-list-date\" aria-hidden=\"true\"><time data-timeutc=\"Fri Jul 17 2020 20:20:47 GMT+0000 (Coordinated Universal Time)\" data-format=\"simple-hour\">16\u00a0h\u00a020<\/time><\/span><a class=\"feed-list-link\" href=\"https:\/\/ici.radio-canada.ca\/sports\/1720552\/soccer-mls-impact-montreal-toronto-fc-romell-quioto-maciel-diop\" aria-label=\"20\u00a0h\u00a020 L'Impact \u00e0 contre-courant de ses tendances historiques\"><span class=\"feed-list-title\">L&#8217;Impact \u00e0 contre-courant de ses tendances historiques<\/span><\/a><\/li>\n<li class=\"feed-list-item feed-list-item\"><span class=\"feed-list-date\" aria-hidden=\"true\"><time data-timeutc=\"Fri Jul 17 2020 19:56:21 GMT+0000 (Coordinated Universal Time)\" data-format=\"simple-hour\">15\u00a0h\u00a056<\/time><\/span><a class=\"feed-list-link\" href=\"https:\/\/ici.radio-canada.ca\/sports\/1720504\/cio-canada-jeux-olympiques-isabelle-charest-thomas-bach-sylvie-bernier\" aria-label=\"19\u00a0h\u00a056 Le Canada int\u00e9ress\u00e9 par l'organisation des Jeux olympiques, le CIO applaudit\"><span class=\"feed-list-title\">Le Canada int\u00e9ress\u00e9 par l&#8217;organisation des Jeux olympiques, le CIO applaudit<\/span><\/a><\/li>\n<li class=\"feed-list-item feed-list-item\"><span class=\"feed-list-date\" aria-hidden=\"true\"><time data-timeutc=\"Fri Jul 17 2020 18:28:39 GMT+0000 (Coordinated Universal Time)\" data-format=\"simple-hour\">14\u00a0h\u00a028<\/time><\/span><a class=\"feed-list-link\" href=\"https:\/\/ici.radio-canada.ca\/sports\/1720497\/boxe-kim-clavel-presse-conference-protocole-combat-las-vegas\" aria-label=\"18\u00a0h\u00a028 Kim Clavel motiv\u00e9e et pr\u00eate \u00e0 se plier au protocole de Las Vegas\"><span class=\"feed-list-title\">Kim Clavel motiv\u00e9e et pr\u00eate \u00e0 se plier au protocole de Las Vegas<\/span><\/a><\/li>\n<li class=\"feed-list-item feed-list-item\"><span class=\"feed-list-date\" aria-hidden=\"true\"><time data-timeutc=\"Fri Jul 17 2020 17:45:01 GMT+0000 (Coordinated Universal Time)\" data-format=\"simple-hour\">13\u00a0h\u00a045<\/time><\/span><a class=\"feed-list-link\" href=\"https:\/\/ici.radio-canada.ca\/sports\/1720502\/eskimos-edmonton-changement-nom-confirmation-reportages\" aria-label=\"17\u00a0h\u00a045 Les Eskimos ne confirment pas qu'ils changeront de nom\"><span class=\"feed-list-title\">Les Eskimos ne confirment pas qu&#8217;ils changeront de nom<\/span><\/a><\/li>\n<li class=\"feed-list-item feed-list-item\"><span class=\"feed-list-date\" aria-hidden=\"true\"><time data-timeutc=\"Fri Jul 17 2020 17:24:35 GMT+0000 (Coordinated Universal Time)\" data-format=\"simple-hour\">13\u00a0h\u00a024<\/time><\/span><a class=\"feed-list-link\" href=\"https:\/\/ici.radio-canada.ca\/sports\/1720498\/tuukka-rask-andrei-vasilevskiy-connor-hellebuyck-finalistes-trophee-vezina\" aria-label=\"17\u00a0h\u00a024 Rask, Vasilevskiy et Hellebuyck finalistes au troph\u00e9e V\u00e9zina\"><span class=\"feed-list-title\">Rask, Vasilevskiy et Hellebuyck finalistes au troph\u00e9e V\u00e9zina<\/span><\/a><\/li>\n<li class=\"feed-list-item feed-list-item\"><span class=\"feed-list-date\" aria-hidden=\"true\"><time data-timeutc=\"Fri Jul 17 2020 16:48:21 GMT+0000 (Coordinated Universal Time)\" data-format=\"simple-hour\">12\u00a0h\u00a048<\/time><\/span><a class=\"feed-list-link\" href=\"https:\/\/ici.radio-canada.ca\/sports\/1720471\/hockey-canadien-montreal-byron-danault-weal-gallagher-entrainement\" aria-label=\"16\u00a0h\u00a048 Danault travaille en groupe restreint et Byron s'absente\"><span class=\"feed-list-title\">Danault travaille en groupe restreint et Byron s&#8217;absente<\/span><\/a><\/li>\n<li class=\"feed-list-item feed-list-item\"><span class=\"feed-list-date\" aria-hidden=\"true\"><time data-timeutc=\"Fri Jul 17 2020 16:27:28 GMT+0000 (Coordinated Universal Time)\" data-format=\"simple-hour\">12\u00a0h\u00a027<\/time><\/span><a class=\"feed-list-link\" href=\"https:\/\/ici.radio-canada.ca\/sports\/1720379\/lance-stroll-racing-point-renault-sebastian-vettel\" aria-label=\"16\u00a0h\u00a027 \u00ab\u00a0Il y a un peu de rivalit\u00e9 avec Renault\u00a0\u00bb - Lance Stroll, 4e en Hongrie\"><span class=\"feed-list-title\">\u00ab\u00a0Il y a un peu de rivalit\u00e9 avec Renault\u00a0\u00bb &#8211; Lance Stroll, 4e en Hongrie<\/span><\/a><\/li>\n<\/ul>\n<\/li>\n<\/ul>\n<\/div>\n<div class=\"feed-button-container\" aria-hidden=\"true\"><\/div>\n<\/div>\n<\/div>\n<\/div>\n<\/aside>\n<\/div>\n<div class=\"document-simple-layout full-width-xs row\">\n<div class=\"bpb06x-0 fmLXcU fixed-ie main-aside col-xs-4 col-sm-8 col-md-4 col-lg-5 col-xl-6 no-gutter\">\n<aside>\n<div class=\"row most-popular-newsletter-container\">\n<div class=\"most-popular-container s-lineup-top-story col-xs-4 col-sm-8 col-md-12 col-lg-16 col-xl-20\">\n<section class=\"sbqix4-0 chITBX g-lineup2 lineup-most-popular theme-info\" data-chrome-extension-type=\"{&quot;type&quot;:&quot;lineup&quot;,&quot;editor&quot;:&quot;Automatique&quot;,&quot;id&quot;:&quot;10&quot;,&quot;zone&quot;:&quot;info&quot;}\">\n<h2 class=\"e-simple-title-lineup\"><span class=\"lineup-title-link-text\">Les plus populaires<\/span><\/h2>\n<ul class=\"row nb-item--5\">\n<li class=\"item--1\">\n<article class=\"sc-1q0da7a-0 cIVhCH card theme-mostpopular\" data-chrome-extension-type=\"52781 | Ad hoc | Sant\u00e9 | Coronavirus | COVID-19 : le nombre de cas en temps r\u00e9el\">\n<div class=\"container-main-card\"><a class=\"e-internal-link card-link hide-text\" tabindex=\"-1\" href=\"https:\/\/ici.radio-canada.ca\/info\/2020\/coronavirus-covid-19-pandemie-cas-carte-maladie-symptomes-propagation\/\" target=\"_self\" aria-hidden=\"true\" rel=\"noopener noreferrer\">COVID-19 : le nombre de cas en temps r\u00e9el<\/a><\/p>\n<section class=\"sc-1dunk0l-0 hdrVg container-text\">\n<div class=\"content-text\">\n<header>\n<h3 class=\"e-title u-font-c\"><a class=\"e-internal-link title-link\" tabindex=\"0\" href=\"https:\/\/ici.radio-canada.ca\/info\/2020\/coronavirus-covid-19-pandemie-cas-carte-maladie-symptomes-propagation\/\" target=\"_self\" aria-label=\"Coronavirus: COVID-19 : le nombre de cas en temps r\u00e9el. Publi\u00e9  17 mars. \" rel=\"noopener noreferrer\"><span class=\"title-content\">COVID-19 : le nombre de cas en temps r\u00e9el<\/span><\/a><\/h3>\n<\/header>\n<footer aria-hidden=\"true\">\n<div class=\"sc-6lnht7-0 cjuXyH m-signature signature-simplified\">\n<div class=\"sc-1c6bkwm-0 ikFMnJ m-published-date-time\"><time datetime=\"Tue Mar 17 2020 21:48:00 GMT+0000 (Coordinated Universal Time)\" data-timeutc=\"Tue Mar 17 2020 21:48:00 GMT+0000 (Coordinated Universal Time)\" data-format=\"simple-date-full-month\">17 mars<\/time><\/div>\n<p><span class=\"sc-1157hze-0 bMGeLW e-attribute kicker\">Coronavirus<\/span><\/div>\n<\/footer>\n<\/div>\n<\/section>\n<\/div>\n<\/article>\n<\/li>\n<li class=\"item--2\">\n<article class=\"sc-1q0da7a-0 cIVhCH card theme-mostpopular\" data-chrome-extension-type=\"1720798 | Nouvelle | &lt;strong&gt;Info National&lt;\/strong&gt; | Politique | Politique f\u00e9d\u00e9rale | All\u00e9gations d'inconduite sexuelle&amp;nbsp;: le chef du Bloc \u00e9voque des poursuites\">\n<div class=\"container-main-card\"><a class=\"e-internal-link card-link hide-text\" tabindex=\"-1\" href=\"https:\/\/ici.radio-canada.ca\/nouvelle\/1720798\/yves-francois-blanchet-allegations-inconduite-sexuelle-bloc-quebecois\" target=\"_self\" aria-hidden=\"true\" rel=\"noopener noreferrer\">All\u00e9gations d&#8217;inconduite sexuelle\u00a0: le chef du Bloc \u00e9voque des poursuites<\/a><\/p>\n<section class=\"sc-1dunk0l-0 hdrVg container-text\">\n<div class=\"content-text\">\n<header>\n<h3 class=\"e-title u-font-c\"><a class=\"e-internal-link title-link\" tabindex=\"0\" href=\"https:\/\/ici.radio-canada.ca\/nouvelle\/1720798\/yves-francois-blanchet-allegations-inconduite-sexuelle-bloc-quebecois\" target=\"_self\" aria-label=\"Politique f\u00e9d\u00e9rale: All\u00e9gations d'inconduite sexuelle\u00a0: le chef du Bloc \u00e9voque des poursuites. Publi\u00e9  Il y a\u00a055 minutes. \" rel=\"noopener noreferrer\"><span class=\"title-content\">All\u00e9gations d&#8217;inconduite sexuelle\u00a0: le chef du Bloc \u00e9voque des poursuites<\/span><\/a><\/h3>\n<\/header>\n<footer aria-hidden=\"true\">\n<div class=\"sc-6lnht7-0 cjuXyH m-signature signature-simplified\">\n<div class=\"sc-1c6bkwm-0 ikFMnJ m-published-date-time\"><time datetime=\"Sun Jul 19 2020 18:31:20 GMT+0000 (Coordinated Universal Time)\" data-timeutc=\"Sun Jul 19 2020 18:31:20 GMT+0000 (Coordinated Universal Time)\" data-format=\"minutes\">55 minutes<\/time><\/div>\n<p><span class=\"sc-1157hze-0 bMGeLW e-attribute kicker\">Politique f\u00e9d\u00e9rale<\/span><\/div>\n<\/footer>\n<\/div>\n<\/section>\n<\/div>\n<\/article>\n<\/li>\n<li class=\"item--3\">\n<article class=\"sc-1q0da7a-0 cIVhCH card theme-mostpopular\" data-chrome-extension-type=\"1719940 | Nouvelle | &lt;strong&gt;Toronto&lt;\/strong&gt; | Soci\u00e9t\u00e9 | Tourisme | Toronto | Int\u00e9r\u00eat local | Le tourisme reprend en force \u00e0 Sandbanks\">\n<div class=\"container-main-card\"><a class=\"e-internal-link card-link hide-text\" tabindex=\"-1\" href=\"https:\/\/ici.radio-canada.ca\/nouvelle\/1719940\/sandbanks-vacances-camping-ontario-covid-19\" target=\"_self\" aria-hidden=\"true\" rel=\"noopener noreferrer\">Le tourisme reprend en force \u00e0 Sandbanks<\/a><\/p>\n<section class=\"sc-1dunk0l-0 hdrVg container-text\">\n<div class=\"content-text\">\n<header>\n<h3 class=\"e-title u-font-c\"><a class=\"e-internal-link title-link\" tabindex=\"0\" href=\"https:\/\/ici.radio-canada.ca\/nouvelle\/1719940\/sandbanks-vacances-camping-ontario-covid-19\" target=\"_self\" aria-label=\"Tourisme: Le tourisme reprend en force \u00e0 Sandbanks. Publi\u00e9  Il y a\u00a09 heures. \" rel=\"noopener noreferrer\"><span class=\"title-content\">Le tourisme reprend en force \u00e0 Sandbanks<\/span><\/a><\/h3>\n<\/header>\n<footer aria-hidden=\"true\">\n<div class=\"sc-6lnht7-0 cjuXyH m-signature signature-simplified\">\n<div class=\"sc-1c6bkwm-0 ikFMnJ m-published-date-time\"><time datetime=\"Sun Jul 19 2020 09:28:58 GMT+0000 (Coordinated Universal Time)\" data-timeutc=\"Sun Jul 19 2020 09:28:58 GMT+0000 (Coordinated Universal Time)\" data-format=\"hours\">9 heures<\/time><\/div>\n<p><span class=\"sc-1157hze-0 bMGeLW e-attribute kicker\">Tourisme<\/span><\/div>\n<\/footer>\n<\/div>\n<\/section>\n<\/div>\n<\/article>\n<\/li>\n<li class=\"item--4\">\n<article class=\"sc-1q0da7a-0 cIVhCH card theme-mostpopular\" data-chrome-extension-type=\"1719943 | Nouvelle | &lt;strong&gt;Info National&lt;\/strong&gt; | Sant\u00e9 | Coronavirus | Mariages, restos, sports&amp;nbsp;: ce que 170&amp;nbsp;experts de la sant\u00e9 accepteraient ou pas de faire\">\n<div class=\"container-main-card\"><a class=\"e-internal-link card-link hide-text\" tabindex=\"-1\" href=\"https:\/\/ici.radio-canada.ca\/nouvelle\/1719943\/covid-activites-experts-sante-deconfinement-pandemie-regles-mesures-comportement\" target=\"_self\" aria-hidden=\"true\" rel=\"noopener noreferrer\">Mariages, restos, sports\u00a0: ce que 170\u00a0experts de la sant\u00e9 accepteraient ou pas de faire<\/a><\/p>\n<section class=\"sc-1dunk0l-0 hdrVg container-text\">\n<div class=\"content-text\">\n<header>\n<h3 class=\"e-title u-font-c\"><a class=\"e-internal-link title-link\" tabindex=\"0\" href=\"https:\/\/ici.radio-canada.ca\/nouvelle\/1719943\/covid-activites-experts-sante-deconfinement-pandemie-regles-mesures-comportement\" target=\"_self\" aria-label=\"Coronavirus: Mariages, restos, sports\u00a0: ce que 170\u00a0experts de la sant\u00e9 accepteraient ou pas de faire. Publi\u00e9  Il y a\u00a011 heures. \" rel=\"noopener noreferrer\"><span class=\"title-content\">Mariages, restos, sports\u00a0: ce que 170\u00a0experts de la sant\u00e9 accepteraient ou pas de faire<\/span><\/a><\/h3>\n<\/header>\n<footer aria-hidden=\"true\">\n<div class=\"sc-6lnht7-0 cjuXyH m-signature signature-simplified\">\n<div class=\"sc-1c6bkwm-0 ikFMnJ m-published-date-time\"><time datetime=\"Sun Jul 19 2020 08:11:52 GMT+0000 (Coordinated Universal Time)\" data-timeutc=\"Sun Jul 19 2020 08:11:52 GMT+0000 (Coordinated Universal Time)\" data-format=\"hours\">11 heures<\/time><\/div>\n<p><span class=\"sc-1157hze-0 bMGeLW e-attribute kicker\">Coronavirus<\/span><\/div>\n<\/footer>\n<\/div>\n<\/section>\n<\/div>\n<\/article>\n<\/li>\n<li class=\"item--5\">\n<article class=\"sc-1q0da7a-0 cIVhCH card theme-mostpopular\" data-chrome-extension-type=\"1720799 | Nouvelle | &lt;strong&gt;Info National&lt;\/strong&gt; | Soci\u00e9t\u00e9 | Inconduite sexuelle | \u00c0 Montr\u00e9al, une manifestation pour d\u00e9noncer la \u00ab&amp;nbsp;culture du viol&amp;nbsp;\u00bb\">\n<div class=\"container-main-card\"><a class=\"e-internal-link card-link hide-text\" tabindex=\"-1\" href=\"https:\/\/ici.radio-canada.ca\/nouvelle\/1720799\/montreal-manifestation-agression-sexuelle-viol-justice-denonciations\" target=\"_self\" aria-hidden=\"true\" rel=\"noopener noreferrer\">\u00c0 Montr\u00e9al, une manifestation pour d\u00e9noncer la \u00ab\u00a0culture du viol\u00a0\u00bb<\/a><\/p>\n<section class=\"sc-1dunk0l-0 hdrVg container-text\">\n<div class=\"content-text\">\n<header>\n<h3 class=\"e-title u-font-c\"><a class=\"e-internal-link title-link\" tabindex=\"0\" href=\"https:\/\/ici.radio-canada.ca\/nouvelle\/1720799\/montreal-manifestation-agression-sexuelle-viol-justice-denonciations\" target=\"_self\" aria-label=\"Inconduite sexuelle: \u00c0 Montr\u00e9al, une manifestation pour d\u00e9noncer la \u00ab\u00a0culture du viol\u00a0\u00bb. Publi\u00e9  Il y a\u00a027 minutes. \" rel=\"noopener noreferrer\"><span class=\"title-content\">\u00c0 Montr\u00e9al, une manifestation pour d\u00e9noncer la \u00ab\u00a0culture du viol\u00a0\u00bb<\/span><\/a><\/h3>\n<\/header>\n<footer aria-hidden=\"true\">\n<div class=\"sc-6lnht7-0 cjuXyH m-signature signature-simplified\">\n<div class=\"sc-1c6bkwm-0 ikFMnJ m-published-date-time\"><time datetime=\"Sun Jul 19 2020 18:58:48 GMT+0000 (Coordinated Universal Time)\" data-timeutc=\"Sun Jul 19 2020 18:58:48 GMT+0000 (Coordinated Universal Time)\" data-format=\"minutes\">27 minutes<\/time><\/div>\n<p><span class=\"sc-1157hze-0 bMGeLW e-attribute kicker\">Inconduite sexuelle<\/span><\/div>\n<\/footer>\n<\/div>\n<\/section>\n<\/div>\n<\/article>\n<\/li>\n<\/ul>\n<\/section>\n<\/div>\n<div class=\"col-xs-4 col-sm-8 col-md-12 col-lg-16 col-xl-20\"><\/div>\n<\/div>\n<\/aside>\n<div><\/div>\n<\/div>\n<\/div>\n<div class=\"row\">\n<footer id=\"comment\" class=\"comment-container col-xs-4 col-sm-8 col-md-12 col-lg-16 col-xl-20\">\n<div class=\"m-comment redactionals\">\n<div class=\"m-viafoura comment-container col-sm-6 col-md-8 col-lg-10 col-xl-14 offset-sm-1 no-gutter\">\n<div class=\"comment-grid col-md-10 offset-md-1 col-lg-13 col-xl-14 offset-lg-1 offset-xl-3\">\n<h2 class=\"sc-1vaxh1e-1 dqWFVQ redactional\">Vos commentaires<\/h2>\n<p class=\"e-p comment-text\">Veuillez noter que Radio-Canada ne cautionne pas les opinions exprim\u00e9es. Vos commentaires seront mod\u00e9r\u00e9s, et publi\u00e9s s\u2019ils respectent la\u00a0<a class=\"e-internal-link\" href=\"https:\/\/ici.radio-canada.ca\/conditions-utilisation\/netiquette\" target=\"_self\" rel=\"noopener noreferrer\">n\u00e9tiquette<\/a>. Bonne discussion\u00a0!<\/p>\n<\/div>\n<\/div>\n<\/div>\n<\/footer>\n<\/div>\n<\/div>\n<\/section>\n","protected":false},"excerpt":{"rendered":"<p>Olivier Paradis-Lemieux 20 juin 2020 La d\u00e9cision du gouvernement [&hellip;]<\/p>\n","protected":false},"author":1,"featured_media":127,"comment_status":"open","ping_status":"open","sticky":false,"template":"","format":"standard","meta":{"give_campaign_id":0,"footnotes":""},"categories":[6],"tags":[],"class_list":["post-126","post","type-post","status-publish","format-standard","has-post-thumbnail","hentry","category-actualites"],"_links":{"self":[{"href":"http:\/\/pomae.org\/fr\/wp-json\/wp\/v2\/posts\/126","targetHints":{"allow":["GET"]}}],"collection":[{"href":"http:\/\/pomae.org\/fr\/wp-json\/wp\/v2\/posts"}],"about":[{"href":"http:\/\/pomae.org\/fr\/wp-json\/wp\/v2\/types\/post"}],"author":[{"embeddable":true,"href":"http:\/\/pomae.org\/fr\/wp-json\/wp\/v2\/users\/1"}],"replies":[{"embeddable":true,"href":"http:\/\/pomae.org\/fr\/wp-json\/wp\/v2\/comments?post=126"}],"version-history":[{"count":1,"href":"http:\/\/pomae.org\/fr\/wp-json\/wp\/v2\/posts\/126\/revisions"}],"predecessor-version":[{"id":128,"href":"http:\/\/pomae.org\/fr\/wp-json\/wp\/v2\/posts\/126\/revisions\/128"}],"wp:featuredmedia":[{"embeddable":true,"href":"http:\/\/pomae.org\/fr\/wp-json\/wp\/v2\/media\/127"}],"wp:attachment":[{"href":"http:\/\/pomae.org\/fr\/wp-json\/wp\/v2\/media?parent=126"}],"wp:term":[{"taxonomy":"category","embeddable":true,"href":"http:\/\/pomae.org\/fr\/wp-json\/wp\/v2\/categories?post=126"},{"taxonomy":"post_tag","embeddable":true,"href":"http:\/\/pomae.org\/fr\/wp-json\/wp\/v2\/tags?post=126"}],"curies":[{"name":"wp","href":"https:\/\/api.w.org\/{rel}","templated":true}]}}