{"id":129,"date":"2020-07-19T19:36:44","date_gmt":"2020-07-19T19:36:44","guid":{"rendered":"http:\/\/pomae.org\/?p=129"},"modified":"2020-07-19T19:43:00","modified_gmt":"2020-07-19T19:43:00","slug":"covid-19-lalberta-enregistre-un-premier-deces-en-une-semaine","status":"publish","type":"post","link":"http:\/\/pomae.org\/fr\/2020\/07\/19\/covid-19-lalberta-enregistre-un-premier-deces-en-une-semaine\/","title":{"rendered":"COVID-19 : l\u2019Alberta enregistre un premier d\u00e9c\u00e8s en une semaine"},"content":{"rendered":"<article class=\"col-xs-4 col-sm-8 col-md-8 col-lg-11 col-xl-14 document-simple-container\" data-chrome-extension-type=\"Nouvelles | &lt;strong&gt;Alberta&lt;\/strong&gt; | Sant\u00e9 | Sant\u00e9 publique | Alberta | Int\u00e9r\u00eat local\" data-chrome-extension-exception=\"chromeExtensionDocumentSimpleContent\">\n<div class=\"row full-width-sm full-width-md no-gutters\">\n<div class=\"signature-container-top\">\n<div class=\"sc-6lnht7-0 cMHQVO m-signature signature-newsstory signature-simplified\">\n<div class=\"sc-6lnht7-2 jyQVAk signature-container-text\">\n<p><a class=\"sc-6lnht7-4 jfBRne signature-link\" title=\"Fuat Seker (acc\u00e9der \u00e0 la page de l'auteur)\" href=\"https:\/\/ici.radio-canada.ca\/profil\/24219\/fuat-seker\"><span class=\"hidden-tag\">Fuat Seker (acc\u00e9der \u00e0 la page de l&#8217;auteur)<\/span><\/a><\/p>\n<div class=\"sc-6lnht7-6 kkkQJG signature-text-content\">\n<p><span class=\"sc-6lnht7-3 gozCqJ signature-avatar-first-name\"><span class=\"signature-name\" aria-hidden=\"true\">Fuat Seker<\/span><\/span><\/p>\n<div class=\"sc-1c6bkwm-0 eXmSOU m-published-date-time\"><time datetime=\"Thu Jul 02 2020 21:35:14 GMT+0000 (Coordinated Universal Time)\" data-timeutc=\"2020-07-02T21:35:14.523Z\" data-format=\"date\">2 juillet 2020<\/time><\/div>\n<\/div>\n<\/div>\n<\/div>\n<\/div>\n<div class=\"lead-container\">\n<p class=\"e-p\">Jeudi, l&#8217;Alberta a signal\u00e9 94\u00a0nouveaux cas de COVID-19 enregistr\u00e9s durant les deux jours pr\u00e9c\u00e9dents. Un d\u00e9c\u00e8s suppl\u00e9mentaire a aussi \u00e9t\u00e9 enregistr\u00e9, ce qui porte le nombre total de d\u00e9c\u00e8s \u00e0 155 depuis le d\u00e9but de la crise. \u00c0 l\u2019heure actuelle, 44\u00a0personnes sont hospitalis\u00e9es, dont 8 aux soins intensifs.<\/p>\n<\/div>\n<section class=\"redactionals document-content-style\">\n<p class=\"e-p\">Le d\u00e9c\u00e8s est celui d&#8217;un homme de plus de 80\u00a0ans, qui r\u00e9sidait dans l\u2019\u00e9tablissement de soins continus South Country Village, \u00e0 Medicine Hat, dans le sud-est de la province.<\/p>\n<div class=\"e-fragment\"><iframe id=\"datawrapper-chart-dOcst\" title=\"Cas r\u00e9pertori\u00e9s de la COVID-19 en Alberta, par \u00e9tat\" src=\"https:\/\/datawrapper.dwcdn.net\/dOcst\/70\/\" height=\"500\" frameborder=\"0\" scrolling=\"no\" aria-label=\"Interactive line chart\" data-mce-fragment=\"1\"><\/iframe><\/div>\n<p class=\"e-p\">Il y a cinq cas actifs de moins que mardi, pour un total de 542, \u00e0 travers la province. Depuis le d\u00e9but de la pand\u00e9mie, 8202\u00a0personnes ont contract\u00e9 le virus. Parmi ces derni\u00e8res, 7505 en sont r\u00e9tablies.<\/p>\n<div class=\"e-fragment\"><iframe id=\"datawrapper-chart-cjwCz\" title=\"Cas actifs de COVID-19 r\u00e9pertori\u00e9s en Alberta, par r\u00e9gion\" src=\"https:\/\/datawrapper.dwcdn.net\/cjwCz\/57\/\" height=\"335\" frameborder=\"0\" scrolling=\"no\" aria-label=\"Histogramme\" data-mce-fragment=\"1\"><\/iframe><\/div>\n<h2 class=\"sc-1vaxh1e-1 dqWFVQ redactional\">Suivis des \u00e9closions<\/h2>\n<p class=\"e-p\">Services de sant\u00e9 Alberta continue de suivre les \u00e9closions li\u00e9es aux quatre restaurants dans le centre-ville d&#8217;Edmonton. En date de jeudi, celle du GRETA Bar a 16\u00a0cas, du Earl Tin Palace a 7, du The Pint a 11\u00a0cas et du LOCAL en a 10.<\/p>\n<p class=\"e-p\">L&#8217;\u00e9pid\u00e9mie de l\u2019immeuble \u00e0 appartements The Verve, situ\u00e9 au centre-ville de Calgary, compte toujours 29\u00a0cas actifs. La cause de cette \u00e9pid\u00e9mie est toujours \u00e0 l&#8217;\u00e9tude, selon la Dre Hinshaw.<\/p>\n<div class=\"framed\">\n<h2 class=\"sc-1vaxh1e-1 dqWFVQ redactional\">\u00c0 lire aussi\u00a0:<\/h2>\n<ul>\n<li><a class=\"e-internal-link\" href=\"https:\/\/ici.radio-canada.ca\/nouvelle\/1716392\/covid-19-alberta-hinshaw-30-juin\" target=\"_self\" rel=\"noopener noreferrer\">L\u2019Alberta augmente \u00e0 200 la limite de personnes lors d\u2019un rassemblement ext\u00e9rieur<\/a><\/li>\n<li><a class=\"e-internal-link\" href=\"https:\/\/ici.radio-canada.ca\/nouvelle\/1715907\/relance-diversification-petrole-technologies-informatique-infrastructure\" target=\"_self\" rel=\"noopener noreferrer\">L\u2019Alberta mise sur les travaux d&#8217;infrastructures pour relancer l&#8217;\u00e9conomie<\/a><\/li>\n<\/ul>\n<\/div>\n<h2 class=\"sc-1vaxh1e-1 dqWFVQ redactional\">Edmonton, future ville bulle?<\/h2>\n<p class=\"e-p\">Bien que la Ligue nationale de hockey (LNH) n&#8217;ait pas fait d&#8217;annonce officielle, plusieurs agences de presse ont signal\u00e9 que <a class=\"e-internal-link\" href=\"https:\/\/ici.radio-canada.ca\/sports\/1716538\/hockey-villes-bulles-edmonton-toronto-series-eliminatoires-lnh-covid-19\" target=\"_self\" rel=\"noopener noreferrer\">deux villes canadiennes seront les villes h\u00f4tes des matchs<\/a>\u00a0: Toronto, pour l\u2019Association de l&#8217;Est, et Edmonton, pour l&#8217;Association de l&#8217;Ouest.<\/p>\n<p class=\"e-p\">Pour sa part, la Dre Deena Hinshaw a dit <q lang=\"fr\" data-attributes=\"{&quot;lang&quot;:{&quot;value&quot;:&quot;fr&quot;,&quot;label&quot;:&quot;Fran\u00e7ais&quot;},&quot;value&quot;:{&quot;html&quot;:&quot;n\u2019avoir aucune nouvelle&quot;,&quot;text&quot;:&quot;n\u2019avoir aucune nouvelle&quot;}}\"><span lang=\"fr\" title=\"Fran\u00e7ais\">n\u2019avoir aucune nouvelle<\/span><\/q> \u00e0 ce sujet. <q lang=\"fr\" data-attributes=\"{&quot;lang&quot;:{&quot;value&quot;:&quot;fr&quot;,&quot;label&quot;:&quot;Fran\u00e7ais&quot;},&quot;value&quot;:{&quot;html&quot;:&quot;Mais si [Edmonton est choisie], la s\u00e9curit\u00e9 est notre priorit\u00e9 absolue&quot;,&quot;text&quot;:&quot;Mais si [Edmonton est choisie], la s\u00e9curit\u00e9 est notre priorit\u00e9 absolue&quot;}}\"><span lang=\"fr\" title=\"Fran\u00e7ais\">Mais si [Edmonton est choisie], la s\u00e9curit\u00e9 est notre priorit\u00e9 absolue<\/span><\/q>, rappelle-t-elle.<\/p>\n<p class=\"e-p\"><q lang=\"fr\" data-attributes=\"{&quot;lang&quot;:{&quot;value&quot;:&quot;fr&quot;,&quot;label&quot;:&quot;Fran\u00e7ais&quot;},&quot;value&quot;:{&quot;html&quot;:&quot;Ce printemps, nous avons \u00e9labor\u00e9 des lignes directrices pour les tournois sportifs professionnels, pour assurer la s\u00e9curit\u00e9 des joueurs, du personnel, des m\u00e9dias et pour minimiser tout risque de propagation de virus au grand public&quot;,&quot;text&quot;:&quot;Ce printemps, nous avons \u00e9labor\u00e9 des lignes directrices pour les tournois sportifs professionnels, pour assurer la s\u00e9curit\u00e9 des joueurs, du personnel, des m\u00e9dias et pour minimiser tout risque de propagation de virus au grand public&quot;}}\"><span lang=\"fr\" title=\"Fran\u00e7ais\">Ce printemps, nous avons \u00e9labor\u00e9 des lignes directrices pour les tournois sportifs professionnels, pour assurer la s\u00e9curit\u00e9 des joueurs, du personnel, des m\u00e9dias et pour minimiser tout risque de propagation de virus au grand public<\/span><\/q>, dit-elle.<\/p>\n<p class=\"e-p\">N\u00e9anmoins, l&#8217;utilisation de cohortes parmi les participants r\u00e9duira les risques de propagation si un cas positif est signal\u00e9, selon elle.<\/p>\n<div class=\"picture-attachment-container center\">\n<picture class=\"kb3umx-0 kWhaiA e-picture is-ratio\"><source srcset=\"https:\/\/images.radio-canada.ca\/q_auto,w_960\/v1\/ici-info\/16x9\/covid-19-coronavirus-alberta-2-juillet.jpg\" media=\"(min-width: 0px) and (max-width: 480px)\" \/><source srcset=\"https:\/\/images.radio-canada.ca\/q_auto,w_960\/v1\/ici-info\/16x9\/covid-19-coronavirus-alberta-2-juillet.jpg\" media=\"(min-width: 481px) and (max-width: 99999px)\" \/><img decoding=\"async\" src=\"https:\/\/images.radio-canada.ca\/q_auto,w_960\/v1\/ici-info\/16x9\/covid-19-coronavirus-alberta-2-juillet.jpg\" alt=\"La r\u00e9partition r\u00e9gionale est la suivante: Zone d'Edmonton: 233 cas. Zone de Calgary: 222 cas. Zone Sud: 49 cas. Zone Nord: 34 cas. Zone centrale: trois cas. Zone non identifi\u00e9e : un cas.\" \/><\/picture>\n<div class=\"sc-1bqcvgr-2 gCUuFz\">\n<p class=\"sc-1bqcvgr-0 ihkxUF\">L&#8217;Alberta compte un total de 542 actifs \u00e0 travers la province.<\/p>\n<p class=\"sc-1bqcvgr-3 gRXcTa\">Photo\u00a0:\u00a0Radio-Canada<\/p>\n<\/div>\n<\/div>\n<h2 class=\"sc-1vaxh1e-1 dqWFVQ redactional\">Des vacances pour la Dre Hinshaw<\/h2>\n<p class=\"e-p\">Apr\u00e8s avoir donn\u00e9 des conf\u00e9rences de presse presque tous les jours pendant des mois, Deena Hinshaw prendra des jours de cong\u00e9 la semaine prochaine pour passer du temps avec sa famille.<\/p>\n<p class=\"e-p\"><q lang=\"fr\" data-attributes=\"{&quot;lang&quot;:{&quot;value&quot;:&quot;fr&quot;,&quot;label&quot;:&quot;Fran\u00e7ais&quot;},&quot;value&quot;:{&quot;html&quot;:&quot;La semaine prochaine sera une pause de disponibilit\u00e9 m\u00e9diatique, mais les responsables de la sant\u00e9 publique de toute la province continueront de travailler sans rel\u00e2che pour rep\u00e9rer de nouveaux cas et emp\u00eacher leur propagation&quot;,&quot;text&quot;:&quot;La semaine prochaine sera une pause de disponibilit\u00e9 m\u00e9diatique, mais les responsables de la sant\u00e9 publique de toute la province continueront de travailler sans rel\u00e2che pour rep\u00e9rer de nouveaux cas et emp\u00eacher leur propagation&quot;}}\"><span lang=\"fr\" title=\"Fran\u00e7ais\">La semaine prochaine sera une pause de disponibilit\u00e9 m\u00e9diatique, mais les responsables de la sant\u00e9 publique de toute la province continueront de travailler sans rel\u00e2che pour rep\u00e9rer de nouveaux cas et emp\u00eacher leur propagation<\/span><\/q>, ajoute-t-elle.<\/p>\n<p class=\"e-p\">La province continuera d&#8217;afficher en ligne les donn\u00e9es tous les jours, et si une urgence se produit, la m\u00e9decin hygi\u00e9niste en chef adjointe, Marcia Johnson, veillera \u00e0 ce que le public obtienne l&#8217;information dont il a besoin.<\/p>\n<div class=\"e-fragment\"><a href=\"https:\/\/ici.radio-canada.ca\/info\/2020\/coronavirus-covid-19-pandemie-cas-carte-maladie-symptomes-propagation\/\"><img decoding=\"async\" src=\"https:\/\/images.radio-canada.ca\/v1\/ici-info\/perso\/bandeau-propagation-coronavirus-covid-19.jpg\" alt=\"L'\u00e9volution de la COVID-19 d'heure en heure\" width=\"100%\" \/><\/a><\/div>\n<\/section>\n<div class=\"signature-container-footer\">\n<div class=\"sc-6lnht7-0 jJzzhC m-signature signature-newsstory\">\n<div class=\"sc-6lnht7-1 hmCkJF signature-container\">\n<div class=\"sc-6lnht7-2 jyQVAk signature-container-text\">\n<p><a class=\"sc-6lnht7-4 jfBRne signature-link\" title=\"Fuat Seker (acc\u00e9der \u00e0 la page de l'auteur)\" href=\"https:\/\/ici.radio-canada.ca\/profil\/24219\/fuat-seker\"><span class=\"hidden-tag\">Fuat Seker (acc\u00e9der \u00e0 la page de l&#8217;auteur)<\/span><\/a><\/p>\n<div class=\"sc-6lnht7-6 kkkQJG signature-text-content\"><span class=\"sc-6lnht7-3 gozCqJ signature-avatar-first-name\"><span class=\"signature-name\" aria-hidden=\"true\">Fuat Seker<\/span><\/span><\/div>\n<\/div>\n<ul class=\"m-social-media-link is-rounded\">\n<li>\n<div class=\"button-content\"><span class=\"hidden-tag\">Twitter<\/span><\/div>\n<\/li>\n<li>\n<div class=\"button-content\"><span class=\"hidden-tag\">Courriel<\/span><\/div>\n<\/li>\n<\/ul>\n<\/div>\n<\/div>\n<\/div>\n<p>&nbsp;<\/p>\n<\/div>\n<\/article>\n<div class=\"bpb06x-0 fmLXcU fixed-ie main-aside col-xs-4 col-sm-8 col-md-4 col-lg-5 col-xl-6 no-gutter\">\n<div><\/div>\n<aside>\n<div class=\"row newsstory-autopromo-ads-container full-width-sm full-width-md full-width-lg full-width-xl full-padding\">\n<div class=\"col-xs-4 col-sm-4 col-md-12 col-lg-16 col-xl-20 newsstory-continuous-feed-wrapper\">\n<div class=\"qq2hbx-0 gBSvie m-continuous-feed\">\n<div class=\"feed-header-container\">\n<h2 class=\"feed-header-title\">Alberta en continu<\/h2>\n<\/div>\n<div class=\"feed-list-container\">\n<ul>\n<li class=\"feed-list-date-container\"><time class=\"feed-list-date-time\" data-timeutc=\"Sun Jul 19 2020 18:36:20 GMT+0000 (Coordinated Universal Time)\" data-format=\"full-date\">dimanche 19 juillet<\/time>\n<ul class=\"feed-list-item-container\">\n<li class=\"feed-list-item feed-list-item\"><span class=\"feed-list-date\" aria-hidden=\"true\"><time data-timeutc=\"Sun Jul 19 2020 18:36:20 GMT+0000 (Coordinated Universal Time)\" data-format=\"simple-hour\">14\u00a0h\u00a036<\/time><\/span><a class=\"feed-list-link\" href=\"https:\/\/ici.radio-canada.ca\/nouvelle\/1720807\/accident-autocar-parc-national-jasper-morts-blesses\" aria-label=\"18\u00a0h\u00a036 La GRC\u00a0enqu\u00eate sur l'accident d'autocar dans le parc national Jasper\"><span class=\"feed-list-title\">La GRC\u00a0enqu\u00eate sur l&#8217;accident d&#8217;autocar dans le parc national Jasper<\/span><\/a><\/li>\n<li class=\"feed-list-item feed-list-item\"><span class=\"feed-list-date\" aria-hidden=\"true\"><time data-timeutc=\"Sun Jul 19 2020 13:15:51 GMT+0000 (Coordinated Universal Time)\" data-format=\"simple-hour\">9\u00a0h\u00a015<\/time><\/span><a class=\"feed-list-link\" href=\"https:\/\/ici.radio-canada.ca\/nouvelle\/1720744\/accident-renversement-blesses-morts-autobus-columbia-icefields\" aria-label=\"13\u00a0h\u00a015 Trois morts et 24\u00a0bless\u00e9s dans un accident d'autocar en Alberta\"><span class=\"feed-list-title\">Trois morts et 24\u00a0bless\u00e9s dans un accident d&#8217;autocar en Alberta<\/span><\/a><\/li>\n<li class=\"feed-list-item feed-list-item\"><span class=\"feed-list-date\" aria-hidden=\"true\"><time data-timeutc=\"Sun Jul 19 2020 13:13:45 GMT+0000 (Coordinated Universal Time)\" data-format=\"simple-hour\">9\u00a0h\u00a013<\/time><\/span><a class=\"feed-list-link\" href=\"https:\/\/ici.radio-canada.ca\/nouvelle\/1719938\/masques-covid19-protection-mode-alethe-kabore\" aria-label=\"13\u00a0h\u00a013 Pour prot\u00e9ger et \u00ab\u00a0survivre\u00a0\u00bb, une styliste coud des masques aux couleurs de l'Afrique\"><span class=\"feed-list-title\">Pour prot\u00e9ger et \u00ab\u00a0survivre\u00a0\u00bb, une styliste coud des masques aux couleurs de l&#8217;Afrique<\/span><\/a><\/li>\n<\/ul>\n<\/li>\n<li class=\"feed-list-date-container\"><time class=\"feed-list-date-time\" data-timeutc=\"Sat Jul 18 2020 21:34:47 GMT+0000 (Coordinated Universal Time)\" data-format=\"full-date\">samedi 18 juillet<\/time>\n<ul class=\"feed-list-item-container\">\n<li class=\"feed-list-item feed-list-item\"><span class=\"feed-list-date\" aria-hidden=\"true\"><time data-timeutc=\"Sat Jul 18 2020 21:34:47 GMT+0000 (Coordinated Universal Time)\" data-format=\"simple-hour\">17\u00a0h\u00a034<\/time><\/span><a class=\"feed-list-link\" href=\"https:\/\/ici.radio-canada.ca\/nouvelle\/1720720\/communautes-retablissement-therapie-toxicomanie-gouvernement\" aria-label=\"21\u00a0h\u00a034 Red Deer aura le premier de cinq centres de traitement \u00e0 long terme de la toxicomanie\"><span class=\"feed-list-title\">Red Deer aura le premier de cinq centres de traitement \u00e0 long terme de la toxicomanie<\/span><\/a><\/li>\n<li class=\"feed-list-item feed-list-item\"><span class=\"feed-list-date\" aria-hidden=\"true\"><time data-timeutc=\"Sat Jul 18 2020 21:03:49 GMT+0000 (Coordinated Universal Time)\" data-format=\"simple-hour\">17\u00a0h\u00a003<\/time><\/span><a class=\"feed-list-link\" href=\"https:\/\/ici.radio-canada.ca\/nouvelle\/1720721\/tattoo-spiderman-ironman-stan-lee-bande-dessinees\" aria-label=\"21\u00a0h\u00a003 Un Albertain d\u00e9tenteur d\u2019un record Guinness pour ses tatouages de l\u2019univers Marvel\"><span class=\"feed-list-title\">Un Albertain d\u00e9tenteur d\u2019un record Guinness pour ses tatouages de l\u2019univers Marvel<\/span><\/a><\/li>\n<li class=\"feed-list-item feed-list-item\"><span class=\"feed-list-date\" aria-hidden=\"true\"><time data-timeutc=\"Sat Jul 18 2020 20:42:18 GMT+0000 (Coordinated Universal Time)\" data-format=\"simple-hour\">16\u00a0h\u00a042<\/time><\/span><a class=\"feed-list-link\" href=\"https:\/\/ici.radio-canada.ca\/nouvelle\/1720723\/calgary-medecins-masque-couvre-visage-obligation-reglement-loi\" aria-label=\"20\u00a0h\u00a042 Des m\u00e9decins recommandent \u00e0 nouveau le port obligatoire du couvre-visage\"><span class=\"feed-list-title\">Des m\u00e9decins recommandent \u00e0 nouveau le port obligatoire du couvre-visage<\/span><\/a><\/li>\n<li class=\"feed-list-item feed-list-item\"><span class=\"feed-list-date\" aria-hidden=\"true\"><time data-timeutc=\"Sat Jul 18 2020 18:07:58 GMT+0000 (Coordinated Universal Time)\" data-format=\"simple-hour\">14\u00a0h\u00a007<\/time><\/span><a class=\"feed-list-link\" href=\"https:\/\/ici.radio-canada.ca\/premiere\/emissions\/culture-et-confiture\/segments\/entrevue\/189246\/joelle-rabu-musique-nico-rhodes-ouest\" aria-label=\"18\u00a0h\u00a007 Jo\u00eblle Rabu: une vie en musique et en famille\"><span class=\"feed-list-title\">Jo\u00eblle Rabu: une vie en musique et en famille<\/span><\/a><\/li>\n<li class=\"feed-list-item feed-list-item\"><span class=\"feed-list-date\" aria-hidden=\"true\"><time data-timeutc=\"Sat Jul 18 2020 18:04:34 GMT+0000 (Coordinated Universal Time)\" data-format=\"simple-hour\">14\u00a0h\u00a004<\/time><\/span><a class=\"feed-list-link\" href=\"https:\/\/ici.radio-canada.ca\/nouvelle\/1720683\/neowise-comete-alberta-astronomie\" aria-label=\"18\u00a0h\u00a004 Les Albertains l\u00e8vent les yeux vers la com\u00e8te Neowise\"><span class=\"feed-list-title\">Les Albertains l\u00e8vent les yeux vers la com\u00e8te Neowise<\/span><\/a><\/li>\n<li class=\"feed-list-item feed-list-item\"><span class=\"feed-list-date\" aria-hidden=\"true\"><time data-timeutc=\"Sat Jul 18 2020 17:59:38 GMT+0000 (Coordinated Universal Time)\" data-format=\"simple-hour\">13\u00a0h\u00a059<\/time><\/span><a class=\"feed-list-link\" href=\"https:\/\/ici.radio-canada.ca\/premiere\/emissions\/culture-et-confiture\/segments\/entrevue\/189247\/renelle-roy-alberta-musique-pop\" aria-label=\"17\u00a0h\u00a059 Renelle Roy: un \u00e9t\u00e9 pop\"><span class=\"feed-list-title\">Renelle Roy: un \u00e9t\u00e9 pop<\/span><\/a><\/li>\n<li class=\"feed-list-item feed-list-item\"><span class=\"feed-list-date\" aria-hidden=\"true\"><time data-timeutc=\"Sat Jul 18 2020 17:45:30 GMT+0000 (Coordinated Universal Time)\" data-format=\"simple-hour\">13\u00a0h\u00a045<\/time><\/span><a class=\"feed-list-link\" href=\"https:\/\/ici.radio-canada.ca\/premiere\/emissions\/culture-et-confiture\/segments\/entrevue\/189248\/gilbert-troutet-peines-perdues-nouvelle-plume-saskatchewan\" aria-label=\"17\u00a0h\u00a045 Peines perdues, le nouveau livre de Gilbert Troutet\"><span class=\"feed-list-title\"><em>Peines perdues<\/em>, le nouveau livre de Gilbert Troutet<\/span><\/a><\/li>\n<li class=\"feed-list-item feed-list-item\"><span class=\"feed-list-date\" aria-hidden=\"true\"><time data-timeutc=\"Sat Jul 18 2020 17:37:01 GMT+0000 (Coordinated Universal Time)\" data-format=\"simple-hour\">13\u00a0h\u00a037<\/time><\/span><a class=\"feed-list-link\" href=\"https:\/\/ici.radio-canada.ca\/premiere\/emissions\/culture-et-confiture\/segments\/panel\/189280\/vancouver-victoria-combat-villes-marie-villeneuve-adrien-blanc\" aria-label=\"17\u00a0h\u00a037 Le combat des villes\u00a0:\u00a0 Victoria contre Vancouver\"><span class=\"feed-list-title\">Le combat des villes\u00a0:\u00a0 Victoria contre Vancouver<\/span><\/a><\/li>\n<li class=\"feed-list-item feed-list-item\"><span class=\"feed-list-date\" aria-hidden=\"true\"><time data-timeutc=\"Sat Jul 18 2020 16:36:19 GMT+0000 (Coordinated Universal Time)\" data-format=\"simple-hour\">12\u00a0h\u00a036<\/time><\/span><a class=\"feed-list-link\" href=\"https:\/\/ici.radio-canada.ca\/nouvelle\/1720684\/canards-petit-garrot-faune-reunion\" aria-label=\"16\u00a0h\u00a036 Trois canetons r\u00e9unis avec leurs parents apr\u00e8s une nuit sous la garde d\u2019un bon samaritain\"><span class=\"feed-list-title\">Trois canetons r\u00e9unis avec leurs parents apr\u00e8s une nuit sous la garde d\u2019un bon samaritain<\/span><\/a><\/li>\n<li class=\"feed-list-item feed-list-item\"><span class=\"feed-list-date\" aria-hidden=\"true\"><time data-timeutc=\"Sat Jul 18 2020 00:08:19 GMT+0000 (Coordinated Universal Time)\" data-format=\"simple-hour\">20\u00a0h\u00a008<\/time><\/span><a class=\"feed-list-link\" href=\"https:\/\/ici.radio-canada.ca\/nouvelle\/1720633\/sport-football-alberta-racisme-autochtones\" aria-label=\"0\u00a0h\u00a008 Un leader inuit s\u2019exprime sur le nom de l\u2019\u00e9quipe de football d\u2019Edmonton\"><span class=\"feed-list-title\">Un leader inuit s\u2019exprime sur le nom de l\u2019\u00e9quipe de football d\u2019Edmonton<\/span><\/a><\/li>\n<\/ul>\n<\/li>\n<li class=\"feed-list-date-container\"><time class=\"feed-list-date-time\" data-timeutc=\"Fri Jul 17 2020 23:34:18 GMT+0000 (Coordinated Universal Time)\" data-format=\"full-date\">vendredi 17 juillet<\/time>\n<ul class=\"feed-list-item-container\">\n<li class=\"feed-list-item feed-list-item\"><span class=\"feed-list-date\" aria-hidden=\"true\"><time data-timeutc=\"Fri Jul 17 2020 23:34:18 GMT+0000 (Coordinated Universal Time)\" data-format=\"simple-hour\">19\u00a0h\u00a034<\/time><\/span><a class=\"feed-list-link\" href=\"https:\/\/ici.radio-canada.ca\/premiere\/emissions\/la-croisee\/segments\/chronique\/189265\/jeu-questionnaire-europe-france-belgique\" aria-label=\"23\u00a0h\u00a034 Connaissez-vous bien la France et la Belgique?\"><span class=\"feed-list-title\">Connaissez-vous bien la France et la Belgique?<\/span><\/a><\/li>\n<li class=\"feed-list-item feed-list-item\"><span class=\"feed-list-date\" aria-hidden=\"true\"><time data-timeutc=\"Fri Jul 17 2020 23:32:16 GMT+0000 (Coordinated Universal Time)\" data-format=\"simple-hour\">19\u00a0h\u00a032<\/time><\/span><a class=\"feed-list-link\" href=\"https:\/\/ici.radio-canada.ca\/nouvelle\/1720619\/cdea-relance-economique-alberta-fonds-entreprises\" aria-label=\"23\u00a0h\u00a032 Le CDEA re\u00e7oit 525 000 $ pour aider les communaut\u00e9s franco-albertaines\"><span class=\"feed-list-title\">Le CDEA re\u00e7oit 525 000 $ pour aider les communaut\u00e9s franco-albertaines<\/span><\/a><\/li>\n<li class=\"feed-list-item feed-list-item\"><span class=\"feed-list-date\" aria-hidden=\"true\"><time data-timeutc=\"Fri Jul 17 2020 22:04:08 GMT+0000 (Coordinated Universal Time)\" data-format=\"simple-hour\">18\u00a0h\u00a004<\/time><\/span><a class=\"feed-list-link\" href=\"https:\/\/ici.radio-canada.ca\/nouvelle\/1720611\/caleb-jones-edmonton-covid-19-lnh\" aria-label=\"22\u00a0h\u00a004 Caleb Jones des Oilers, gu\u00e9ri de la COVID-19\"><span class=\"feed-list-title\">Caleb Jones des Oilers, gu\u00e9ri de la COVID-19<\/span><\/a><\/li>\n<li class=\"feed-list-item feed-list-item\"><span class=\"feed-list-date\" aria-hidden=\"true\"><time data-timeutc=\"Fri Jul 17 2020 21:51:05 GMT+0000 (Coordinated Universal Time)\" data-format=\"simple-hour\">17\u00a0h\u00a051<\/time><\/span><a class=\"feed-list-link\" href=\"https:\/\/ici.radio-canada.ca\/nouvelle\/1720598\/visite-fin-vie-solitude-covid19-alberta\" aria-label=\"21\u00a0h\u00a051 Les centres de soin de sant\u00e9 inquiets de l\u2019assouplissement des r\u00e8gles de visite en Alberta\"><span class=\"feed-list-title\">Les centres de soin de sant\u00e9 inquiets de l\u2019assouplissement des r\u00e8gles de visite en Alberta<\/span><\/a><\/li>\n<li class=\"feed-list-item feed-list-item\"><span class=\"feed-list-date\" aria-hidden=\"true\"><time data-timeutc=\"Fri Jul 17 2020 20:35:31 GMT+0000 (Coordinated Universal Time)\" data-format=\"simple-hour\">16\u00a0h\u00a035<\/time><\/span><a class=\"feed-list-link\" href=\"https:\/\/ici.radio-canada.ca\/nouvelle\/1720513\/ken-chinn-mort-artiste-musique-punk-edmonton-mr-chi-pig-snfu\" aria-label=\"20\u00a0h\u00a035 Mr.\u00a0Chi Pig, du groupe SNFU, meurt \u00e0 57\u00a0ans\"><span class=\"feed-list-title\">Mr.\u00a0Chi Pig, du groupe SNFU, meurt \u00e0 57\u00a0ans<\/span><\/a><\/li>\n<li class=\"feed-list-item feed-list-item\"><span class=\"feed-list-date\" aria-hidden=\"true\"><time data-timeutc=\"Fri Jul 17 2020 18:46:41 GMT+0000 (Coordinated Universal Time)\" data-format=\"simple-hour\">14\u00a0h\u00a046<\/time><\/span><a class=\"feed-list-link\" href=\"https:\/\/ici.radio-canada.ca\/nouvelle\/1720488\/camping-isolement-distanciation-sociale-covid-19\" aria-label=\"18\u00a0h\u00a046 Camper pour s'\u00e9vader durant la pand\u00e9mie\"><span class=\"feed-list-title\">Camper pour s&#8217;\u00e9vader durant la pand\u00e9mie<\/span><\/a><\/li>\n<li class=\"feed-list-item feed-list-item\"><span class=\"feed-list-date\" aria-hidden=\"true\"><time data-timeutc=\"Fri Jul 17 2020 18:17:14 GMT+0000 (Coordinated Universal Time)\" data-format=\"simple-hour\">14\u00a0h\u00a017<\/time><\/span><a class=\"feed-list-link\" href=\"https:\/\/ici.radio-canada.ca\/nouvelle\/1720512\/walter-jenkins-liberation-conditionnelle-meurtre-frederick-dunn\" aria-label=\"18\u00a0h\u00a017 Pas de lib\u00e9ration conditionnelle avant 17 ans pour un meurtrier d'Edmonton\"><span class=\"feed-list-title\">Pas de lib\u00e9ration conditionnelle avant 17 ans pour un meurtrier d&#8217;Edmonton<\/span><\/a><\/li>\n<\/ul>\n<\/li>\n<\/ul>\n<\/div>\n<div class=\"feed-button-container\" aria-hidden=\"true\"><\/div>\n<\/div>\n<\/div>\n<\/div>\n<\/aside>\n<\/div>\n<div class=\"document-simple-layout full-width-xs row\">\n<div class=\"bpb06x-0 fmLXcU fixed-ie main-aside col-xs-4 col-sm-8 col-md-4 col-lg-5 col-xl-6 no-gutter\">\n<aside>\n<div class=\"row most-popular-newsletter-container\">\n<div class=\"most-popular-container s-lineup-top-story col-xs-4 col-sm-8 col-md-12 col-lg-16 col-xl-20\">\n<section class=\"sbqix4-0 chITBX g-lineup2 lineup-most-popular theme-info\" data-chrome-extension-type=\"{&quot;type&quot;:&quot;lineup&quot;,&quot;editor&quot;:&quot;Automatique&quot;,&quot;id&quot;:&quot;10&quot;,&quot;zone&quot;:&quot;info&quot;}\">\n<h2 class=\"e-simple-title-lineup\"><span class=\"lineup-title-link-text\">Les plus populaires<\/span><\/h2>\n<ul class=\"row nb-item--5\">\n<li class=\"item--1\">\n<article class=\"sc-1q0da7a-0 cIVhCH card theme-mostpopular\" data-chrome-extension-type=\"1720798 | Nouvelle | &lt;strong&gt;Info National&lt;\/strong&gt; | Politique | Politique f\u00e9d\u00e9rale | All\u00e9gations d'inconduite sexuelle&amp;nbsp;: le chef du Bloc \u00e9voque des poursuites\">\n<div class=\"container-main-card\">\n<p><a class=\"e-internal-link card-link hide-text\" tabindex=\"-1\" href=\"https:\/\/ici.radio-canada.ca\/nouvelle\/1720798\/yves-francois-blanchet-allegations-inconduite-sexuelle-bloc-quebecois\" target=\"_self\" rel=\"noopener noreferrer\" aria-hidden=\"true\">All\u00e9gations d&#8217;inconduite sexuelle\u00a0: le chef du Bloc \u00e9voque des poursuites<\/a><\/p>\n<section class=\"sc-1dunk0l-0 hdrVg container-text\">\n<div class=\"content-text\">\n<header>\n<h3 class=\"e-title u-font-c\"><a class=\"e-internal-link title-link\" tabindex=\"0\" href=\"https:\/\/ici.radio-canada.ca\/nouvelle\/1720798\/yves-francois-blanchet-allegations-inconduite-sexuelle-bloc-quebecois\" target=\"_self\" rel=\"noopener noreferrer\" aria-label=\"Politique f\u00e9d\u00e9rale: All\u00e9gations d'inconduite sexuelle\u00a0: le chef du Bloc \u00e9voque des poursuites. Publi\u00e9 Il y a\u00a06 minutes. \"><span class=\"title-content\">All\u00e9gations d&#8217;inconduite sexuelle\u00a0: le chef du Bloc \u00e9voque des poursuites<\/span><\/a><\/h3>\n<\/header>\n<footer aria-hidden=\"true\">\n<div class=\"sc-6lnht7-0 cjuXyH m-signature signature-simplified\">\n<div class=\"sc-1c6bkwm-0 ikFMnJ m-published-date-time\"><time datetime=\"Sun Jul 19 2020 19:25:34 GMT+0000 (Coordinated Universal Time)\" data-timeutc=\"Sun Jul 19 2020 19:25:34 GMT+0000 (Coordinated Universal Time)\" data-format=\"minutes\">6 minutes<\/time><\/div>\n<p><span class=\"sc-1157hze-0 bMGeLW e-attribute kicker\">Politique f\u00e9d\u00e9rale<\/span><\/p>\n<\/div>\n<\/footer>\n<\/div>\n<\/section>\n<\/div>\n<\/article>\n<\/li>\n<li class=\"item--2\">\n<article class=\"sc-1q0da7a-0 cIVhCH card theme-mostpopular\" data-chrome-extension-type=\"52781 | Ad hoc | Sant\u00e9 | Coronavirus | COVID-19 : le nombre de cas en temps r\u00e9el\">\n<div class=\"container-main-card\">\n<p><a class=\"e-internal-link card-link hide-text\" tabindex=\"-1\" href=\"https:\/\/ici.radio-canada.ca\/info\/2020\/coronavirus-covid-19-pandemie-cas-carte-maladie-symptomes-propagation\/\" target=\"_self\" rel=\"noopener noreferrer\" aria-hidden=\"true\">COVID-19 : le nombre de cas en temps r\u00e9el<\/a><\/p>\n<section class=\"sc-1dunk0l-0 hdrVg container-text\">\n<div class=\"content-text\">\n<header>\n<h3 class=\"e-title u-font-c\"><a class=\"e-internal-link title-link\" tabindex=\"0\" href=\"https:\/\/ici.radio-canada.ca\/info\/2020\/coronavirus-covid-19-pandemie-cas-carte-maladie-symptomes-propagation\/\" target=\"_self\" rel=\"noopener noreferrer\" aria-label=\"Coronavirus: COVID-19 : le nombre de cas en temps r\u00e9el. Publi\u00e9 17 mars. \"><span class=\"title-content\">COVID-19 : le nombre de cas en temps r\u00e9el<\/span><\/a><\/h3>\n<\/header>\n<footer aria-hidden=\"true\">\n<div class=\"sc-6lnht7-0 cjuXyH m-signature signature-simplified\">\n<div class=\"sc-1c6bkwm-0 ikFMnJ m-published-date-time\"><time datetime=\"Tue Mar 17 2020 21:48:00 GMT+0000 (Coordinated Universal Time)\" data-timeutc=\"Tue Mar 17 2020 21:48:00 GMT+0000 (Coordinated Universal Time)\" data-format=\"simple-date-full-month\">17 mars<\/time><\/div>\n<p><span class=\"sc-1157hze-0 bMGeLW e-attribute kicker\">Coronavirus<\/span><\/p>\n<\/div>\n<\/footer>\n<\/div>\n<\/section>\n<\/div>\n<\/article>\n<\/li>\n<li class=\"item--3\">\n<article class=\"sc-1q0da7a-0 cIVhCH card theme-mostpopular\" data-chrome-extension-type=\"1719940 | Nouvelle | &lt;strong&gt;Toronto&lt;\/strong&gt; | Soci\u00e9t\u00e9 | Tourisme | Toronto | Int\u00e9r\u00eat local | Le tourisme reprend en force \u00e0 Sandbanks\">\n<div class=\"container-main-card\">\n<p><a class=\"e-internal-link card-link hide-text\" tabindex=\"-1\" href=\"https:\/\/ici.radio-canada.ca\/nouvelle\/1719940\/sandbanks-vacances-camping-ontario-covid-19\" target=\"_self\" rel=\"noopener noreferrer\" aria-hidden=\"true\">Le tourisme reprend en force \u00e0 Sandbanks<\/a><\/p>\n<section class=\"sc-1dunk0l-0 hdrVg container-text\">\n<div class=\"content-text\">\n<header>\n<h3 class=\"e-title u-font-c\"><a class=\"e-internal-link title-link\" tabindex=\"0\" href=\"https:\/\/ici.radio-canada.ca\/nouvelle\/1719940\/sandbanks-vacances-camping-ontario-covid-19\" target=\"_self\" rel=\"noopener noreferrer\" aria-label=\"Tourisme: Le tourisme reprend en force \u00e0 Sandbanks. Publi\u00e9 Il y a\u00a010 heures. \"><span class=\"title-content\">Le tourisme reprend en force \u00e0 Sandbanks<\/span><\/a><\/h3>\n<\/header>\n<footer aria-hidden=\"true\">\n<div class=\"sc-6lnht7-0 cjuXyH m-signature signature-simplified\">\n<div class=\"sc-1c6bkwm-0 ikFMnJ m-published-date-time\"><time datetime=\"Sun Jul 19 2020 09:28:58 GMT+0000 (Coordinated Universal Time)\" data-timeutc=\"Sun Jul 19 2020 09:28:58 GMT+0000 (Coordinated Universal Time)\" data-format=\"hours\">10 heures<\/time><\/div>\n<p><span class=\"sc-1157hze-0 bMGeLW e-attribute kicker\">Tourisme<\/span><\/p>\n<\/div>\n<\/footer>\n<\/div>\n<\/section>\n<\/div>\n<\/article>\n<\/li>\n<li class=\"item--4\">\n<article class=\"sc-1q0da7a-0 cIVhCH card theme-mostpopular\" data-chrome-extension-type=\"1719943 | Nouvelle | &lt;strong&gt;Info National&lt;\/strong&gt; | Sant\u00e9 | Coronavirus | Mariages, restos, sports&amp;nbsp;: ce que 170&amp;nbsp;experts de la sant\u00e9 accepteraient ou pas de faire\">\n<div class=\"container-main-card\">\n<p><a class=\"e-internal-link card-link hide-text\" tabindex=\"-1\" href=\"https:\/\/ici.radio-canada.ca\/nouvelle\/1719943\/covid-activites-experts-sante-deconfinement-pandemie-regles-mesures-comportement\" target=\"_self\" rel=\"noopener noreferrer\" aria-hidden=\"true\">Mariages, restos, sports\u00a0: ce que 170\u00a0experts de la sant\u00e9 accepteraient ou pas de faire<\/a><\/p>\n<section class=\"sc-1dunk0l-0 hdrVg container-text\">\n<div class=\"content-text\">\n<header>\n<h3 class=\"e-title u-font-c\"><a class=\"e-internal-link title-link\" tabindex=\"0\" href=\"https:\/\/ici.radio-canada.ca\/nouvelle\/1719943\/covid-activites-experts-sante-deconfinement-pandemie-regles-mesures-comportement\" target=\"_self\" rel=\"noopener noreferrer\" aria-label=\"Coronavirus: Mariages, restos, sports\u00a0: ce que 170\u00a0experts de la sant\u00e9 accepteraient ou pas de faire. Publi\u00e9 Il y a\u00a011 heures. \"><span class=\"title-content\">Mariages, restos, sports\u00a0: ce que 170\u00a0experts de la sant\u00e9 accepteraient ou pas de faire<\/span><\/a><\/h3>\n<\/header>\n<footer aria-hidden=\"true\">\n<div class=\"sc-6lnht7-0 cjuXyH m-signature signature-simplified\">\n<div class=\"sc-1c6bkwm-0 ikFMnJ m-published-date-time\"><time datetime=\"Sun Jul 19 2020 08:11:52 GMT+0000 (Coordinated Universal Time)\" data-timeutc=\"Sun Jul 19 2020 08:11:52 GMT+0000 (Coordinated Universal Time)\" data-format=\"hours\">11 heures<\/time><\/div>\n<p><span class=\"sc-1157hze-0 bMGeLW e-attribute kicker\">Coronavirus<\/span><\/p>\n<\/div>\n<\/footer>\n<\/div>\n<\/section>\n<\/div>\n<\/article>\n<\/li>\n<li class=\"item--5\">\n<article class=\"sc-1q0da7a-0 cIVhCH card theme-mostpopular\" data-chrome-extension-type=\"1720799 | Nouvelle | &lt;strong&gt;Info National&lt;\/strong&gt; | Soci\u00e9t\u00e9 | Inconduite sexuelle | \u00c0 Montr\u00e9al, une manifestation pour d\u00e9noncer la \u00ab&amp;nbsp;culture du viol&amp;nbsp;\u00bb\">\n<div class=\"container-main-card\">\n<p><a class=\"e-internal-link card-link hide-text\" tabindex=\"-1\" href=\"https:\/\/ici.radio-canada.ca\/nouvelle\/1720799\/montreal-manifestation-agression-sexuelle-viol-justice-denonciations\" target=\"_self\" rel=\"noopener noreferrer\" aria-hidden=\"true\">\u00c0 Montr\u00e9al, une manifestation pour d\u00e9noncer la \u00ab\u00a0culture du viol\u00a0\u00bb<\/a><\/p>\n<section class=\"sc-1dunk0l-0 hdrVg container-text\">\n<div class=\"content-text\">\n<header>\n<h3 class=\"e-title u-font-c\"><a class=\"e-internal-link title-link\" tabindex=\"0\" href=\"https:\/\/ici.radio-canada.ca\/nouvelle\/1720799\/montreal-manifestation-agression-sexuelle-viol-justice-denonciations\" target=\"_self\" rel=\"noopener noreferrer\" aria-label=\"Inconduite sexuelle: \u00c0 Montr\u00e9al, une manifestation pour d\u00e9noncer la \u00ab\u00a0culture du viol\u00a0\u00bb. Publi\u00e9 Il y a\u00a033 minutes. \"><span class=\"title-content\">\u00c0 Montr\u00e9al, une manifestation pour d\u00e9noncer la \u00ab\u00a0culture du viol\u00a0\u00bb<\/span><\/a><\/h3>\n<\/header>\n<footer aria-hidden=\"true\">\n<div class=\"sc-6lnht7-0 cjuXyH m-signature signature-simplified\">\n<div class=\"sc-1c6bkwm-0 ikFMnJ m-published-date-time\"><time datetime=\"Sun Jul 19 2020 18:58:48 GMT+0000 (Coordinated Universal Time)\" data-timeutc=\"Sun Jul 19 2020 18:58:48 GMT+0000 (Coordinated Universal Time)\" data-format=\"minutes\">33 minutes<\/time><\/div>\n<p><span class=\"sc-1157hze-0 bMGeLW e-attribute kicker\">Inconduite sexuelle<\/span><\/p>\n<\/div>\n<\/footer>\n<\/div>\n<\/section>\n<\/div>\n<\/article>\n<\/li>\n<\/ul>\n<\/section>\n<\/div>\n<div class=\"col-xs-4 col-sm-8 col-md-12 col-lg-16 col-xl-20\"><\/div>\n<\/div>\n<\/aside>\n<div><\/div>\n<\/div>\n<\/div>\n<div class=\"row\">\n<footer id=\"comment\" class=\"comment-container col-xs-4 col-sm-8 col-md-12 col-lg-16 col-xl-20\">\n<div class=\"m-comment redactionals\">\n<div class=\"m-viafoura comment-container col-sm-6 col-md-8 col-lg-10 col-xl-14 offset-sm-1 no-gutter\">\n<div class=\"comment-grid col-md-10 offset-md-1 col-lg-13 col-xl-14 offset-lg-1 offset-xl-3\">\n<h2 class=\"sc-1vaxh1e-1 dqWFVQ redactional\">Vos commentaires<\/h2>\n<p class=\"e-p comment-text\">Veuillez noter que Radio-Canada ne cautionne pas les opinions exprim\u00e9es. Vos commentaires seront mod\u00e9r\u00e9s, et publi\u00e9s s\u2019ils respectent la\u00a0<a class=\"e-internal-link\" href=\"https:\/\/ici.radio-canada.ca\/conditions-utilisation\/netiquette\" target=\"_self\" rel=\"noopener noreferrer\">n\u00e9tiquette<\/a>. Bonne discussion\u00a0!<\/p>\n<\/div>\n<\/div>\n<\/div>\n<\/footer>\n<\/div>\n","protected":false},"excerpt":{"rendered":"<p>Fuat Seker (acc\u00e9der \u00e0 la page de l&#8217;auteur) Fuat [&hellip;]<\/p>\n","protected":false},"author":1,"featured_media":130,"comment_status":"open","ping_status":"open","sticky":false,"template":"","format":"standard","meta":{"give_campaign_id":0,"footnotes":""},"categories":[6],"tags":[],"class_list":["post-129","post","type-post","status-publish","format-standard","has-post-thumbnail","hentry","category-actualites"],"_links":{"self":[{"href":"http:\/\/pomae.org\/fr\/wp-json\/wp\/v2\/posts\/129","targetHints":{"allow":["GET"]}}],"collection":[{"href":"http:\/\/pomae.org\/fr\/wp-json\/wp\/v2\/posts"}],"about":[{"href":"http:\/\/pomae.org\/fr\/wp-json\/wp\/v2\/types\/post"}],"author":[{"embeddable":true,"href":"http:\/\/pomae.org\/fr\/wp-json\/wp\/v2\/users\/1"}],"replies":[{"embeddable":true,"href":"http:\/\/pomae.org\/fr\/wp-json\/wp\/v2\/comments?post=129"}],"version-history":[{"count":3,"href":"http:\/\/pomae.org\/fr\/wp-json\/wp\/v2\/posts\/129\/revisions"}],"predecessor-version":[{"id":133,"href":"http:\/\/pomae.org\/fr\/wp-json\/wp\/v2\/posts\/129\/revisions\/133"}],"wp:featuredmedia":[{"embeddable":true,"href":"http:\/\/pomae.org\/fr\/wp-json\/wp\/v2\/media\/130"}],"wp:attachment":[{"href":"http:\/\/pomae.org\/fr\/wp-json\/wp\/v2\/media?parent=129"}],"wp:term":[{"taxonomy":"category","embeddable":true,"href":"http:\/\/pomae.org\/fr\/wp-json\/wp\/v2\/categories?post=129"},{"taxonomy":"post_tag","embeddable":true,"href":"http:\/\/pomae.org\/fr\/wp-json\/wp\/v2\/tags?post=129"}],"curies":[{"name":"wp","href":"https:\/\/api.w.org\/{rel}","templated":true}]}}